{"id":219002,"date":"2025-08-09T01:39:00","date_gmt":"2025-08-08T23:39:00","guid":{"rendered":"https:\/\/www.ffw-berg.de\/wordpress\/?p=219002"},"modified":"2025-09-03T09:37:33","modified_gmt":"2025-09-03T07:37:33","slug":"einsatz-vom-09-08-25-brand-kleidercontainer","status":"publish","type":"post","link":"https:\/\/www.ffw-berg.de\/wordpress\/einsatz-vom-09-08-25-brand-kleidercontainer\/","title":{"rendered":"Einsatz vom 09.08.25 &#8211; Brand Kleidercontainer"},"content":{"rendered":"\n<div class=\"wp-block-columns has-2-columns is-layout-flex wp-container-core-columns-is-layout-9d6595d7 wp-block-columns-is-layout-flex\">\n<div class=\"wp-block-column is-layout-flow wp-block-column-is-layout-flow\">\n<p class=\"has-text-color\" style=\"color:#800000\"><strong>Nr.<\/strong><\/p>\n\n\n\n<p class=\"has-text-color\" style=\"color:#800000\"><strong>Alarmzeit<\/strong><\/p>\n\n\n\n<p class=\"has-text-color\" style=\"color:#800000\"><strong>Einsatzdauer<\/strong><\/p>\n\n\n\n<p class=\"has-text-color\" style=\"color:#800000\"><strong>Einsatzort<\/strong><\/p>\n\n\n\n<p class=\"has-text-color\" style=\"color:#800000\"><strong>Einsatzart&nbsp;<\/strong><\/p>\n\n\n\n<p class=\"has-text-color\" style=\"color:#800000\"><strong>Eingesetzte Fahrzeuge&nbsp;<\/strong><\/p>\n\n\n\n<p class=\"has-text-color\" style=\"color:#800000\"><strong>Einsatzmittel<\/strong><\/p>\n<\/div>\n\n\n\n<div class=\"wp-block-column is-layout-flow wp-block-column-is-layout-flow\">\n<p>32<\/p>\n\n\n\n<p>01.39 Uhr<\/p>\n\n\n\n<p>0,75 Std.<\/p>\n\n\n\n<p>Moos Ortsmitte, Berg<\/p>\n\n\n\n<p>B1 | Kleinbrand Kleidercontainer<\/p>\n\n\n\n<p>HLF20<\/p>\n\n\n\n<p>WBK, Beleuchtungsger\u00e4t, Kommunikationsger\u00e4t, sonstiges Ger\u00e4t\/Material, medizinisches Ger\u00e4t<\/p>\n<\/div>\n<\/div>\n\n\n\n<hr class=\"wp-block-separator has-css-opacity is-style-wide\"\/>\n\n\n\n<h4 class=\"wp-block-heading\">Einsatzbericht<\/h4>\n\n\n\n<p>Brand eines Altkleidercontainers in der Ortsmitte von Moos.<\/p>\n\n\n\n<p>Brandbek\u00e4mpfung durch FF Rudolphstein, Einsatzstelle mittels Lichtmast von FL Berg 40\/1 ausgeleuchtet. Der Mitteiler, welche bereits erste L\u00f6schma\u00dfnahmen eingeleitet hatte und \u00fcber Atembeschwerden klagte, wurde erstversorgt und betreut. Eine weitere rettungsdienstliche Versorgung wurde abgelehnt. F\u00fcr die Nachl\u00f6scharbeiten wurde der Container mittels Halligan-Tool aufgebrochen und die Brandstelle mit WBK kontrolliert.<\/p>\n\n\n\n<h4 class=\"wp-block-heading has-text-align-center\">Einsatzfotos<\/h4>\n\n\n\n<figure class=\"wp-block-image size-large\"><a href=\"https:\/\/www.ffw-berg.de\/wordpress\/wp-content\/uploads\/2025\/08\/Brand-Container_Moos_09082025.jpg\"><img loading=\"lazy\" decoding=\"async\" width=\"1080\" height=\"608\" src=\"https:\/\/www.ffw-berg.de\/wordpress\/wp-content\/uploads\/2025\/08\/Brand-Container_Moos_09082025-1080x608.jpg\" alt=\"\" class=\"wp-image-219007\" srcset=\"https:\/\/www.ffw-berg.de\/wordpress\/wp-content\/uploads\/2025\/08\/Brand-Container_Moos_09082025-1080x608.jpg 1080w, https:\/\/www.ffw-berg.de\/wordpress\/wp-content\/uploads\/2025\/08\/Brand-Container_Moos_09082025-300x169.jpg 300w, https:\/\/www.ffw-berg.de\/wordpress\/wp-content\/uploads\/2025\/08\/Brand-Container_Moos_09082025-120x68.jpg 120w, https:\/\/www.ffw-berg.de\/wordpress\/wp-content\/uploads\/2025\/08\/Brand-Container_Moos_09082025-768x432.jpg 768w, https:\/\/www.ffw-berg.de\/wordpress\/wp-content\/uploads\/2025\/08\/Brand-Container_Moos_09082025-1536x864.jpg 1536w, https:\/\/www.ffw-berg.de\/wordpress\/wp-content\/uploads\/2025\/08\/Brand-Container_Moos_09082025-678x381.jpg 678w, https:\/\/www.ffw-berg.de\/wordpress\/wp-content\/uploads\/2025\/08\/Brand-Container_Moos_09082025.jpg 1920w\" sizes=\"auto, (max-width: 1080px) 100vw, 1080px\" \/><\/a><\/figure>\n","protected":false},"excerpt":{"rendered":"<div class=\"mh-excerpt\">Nr. 32 | Zeit: 01.39 Uhr |  Moos Ortsmitte, Berg | B<\/p>\n<p>Eingesetzte Fahrzeuge:<br \/>\nHLF 20<\/p><\/div>\n<p> <a class=\"mh-excerpt-more\" href=\"https:\/\/www.ffw-berg.de\/wordpress\/einsatz-vom-09-08-25-brand-kleidercontainer\/\" title=\"Einsatz vom 09.08.25 &#8211; Brand Kleidercontainer\">[  Mehr &gt;&gt; ]<\/a><\/p>\n","protected":false},"author":2,"featured_media":219007,"comment_status":"closed","ping_status":"open","sticky":false,"template":"","format":"standard","meta":{"footnotes":""},"categories":[1446,4],"tags":[71,147,390,537,894,1221],"class_list":{"0":"post-219002","1":"post","2":"type-post","3":"status-publish","4":"format-standard","5":"has-post-thumbnail","7":"category-einsaetze-2025","8":"category-einsaetze","9":"tag-wbk","10":"tag-kommunikationsmittel","11":"tag-sonstiges-materialgeraet","12":"tag-beleuchtungsgeraet","13":"tag-hlf20","14":"tag-sonstiges-medizinisches-geraet"},"_links":{"self":[{"href":"https:\/\/www.ffw-berg.de\/wordpress\/wp-json\/wp\/v2\/posts\/219002","targetHints":{"allow":["GET"]}}],"collection":[{"href":"https:\/\/www.ffw-berg.de\/wordpress\/wp-json\/wp\/v2\/posts"}],"about":[{"href":"https:\/\/www.ffw-berg.de\/wordpress\/wp-json\/wp\/v2\/types\/post"}],"author":[{"embeddable":true,"href":"https:\/\/www.ffw-berg.de\/wordpress\/wp-json\/wp\/v2\/users\/2"}],"replies":[{"embeddable":true,"href":"https:\/\/www.ffw-berg.de\/wordpress\/wp-json\/wp\/v2\/comments?post=219002"}],"version-history":[{"count":0,"href":"https:\/\/www.ffw-berg.de\/wordpress\/wp-json\/wp\/v2\/posts\/219002\/revisions"}],"wp:featuredmedia":[{"embeddable":true,"href":"https:\/\/www.ffw-berg.de\/wordpress\/wp-json\/wp\/v2\/media\/219007"}],"wp:attachment":[{"href":"https:\/\/www.ffw-berg.de\/wordpress\/wp-json\/wp\/v2\/media?parent=219002"}],"wp:term":[{"taxonomy":"category","embeddable":true,"href":"https:\/\/www.ffw-berg.de\/wordpress\/wp-json\/wp\/v2\/categories?post=219002"},{"taxonomy":"post_tag","embeddable":true,"href":"https:\/\/www.ffw-berg.de\/wordpress\/wp-json\/wp\/v2\/tags?post=219002"}],"curies":[{"name":"wp","href":"https:\/\/api.w.org\/{rel}","templated":true}]}}