{"id":219414,"date":"2026-02-01T17:46:00","date_gmt":"2026-02-01T16:46:00","guid":{"rendered":"https:\/\/www.ffw-berg.de\/wordpress\/?p=219414"},"modified":"2026-03-15T19:09:20","modified_gmt":"2026-03-15T18:09:20","slug":"einsatz-vom-010626-thl-vu-mit-pkw","status":"publish","type":"post","link":"https:\/\/www.ffw-berg.de\/wordpress\/einsatz-vom-010626-thl-vu-mit-pkw\/","title":{"rendered":"Einsatz vom 01.06.26 &#8211; THL, VU mit PKW"},"content":{"rendered":"\n<div class=\"wp-block-columns has-2-columns is-layout-flex wp-container-core-columns-is-layout-9d6595d7 wp-block-columns-is-layout-flex\">\n<div class=\"wp-block-column is-layout-flow wp-block-column-is-layout-flow\">\n<p class=\"has-text-color\" style=\"color:#800000\"><strong>Nr.<\/strong><\/p>\n\n\n\n<p class=\"has-text-color\" style=\"color:#800000\"><strong>Alarmzeit<\/strong><\/p>\n\n\n\n<p class=\"has-text-color\" style=\"color:#800000\"><strong>Einsatzdauer<\/strong><\/p>\n\n\n\n<p class=\"has-text-color\" style=\"color:#800000\"><strong>Einsatzort<\/strong><\/p>\n\n\n\n<p class=\"has-text-color\" style=\"color:#800000\"><strong>Einsatzart&nbsp;<\/strong><\/p>\n\n\n\n<p class=\"has-text-color\" style=\"color:#800000\"><strong>Eingesetzte Fahrzeuge&nbsp;<\/strong><\/p>\n\n\n\n<p class=\"has-text-color\" style=\"color:#800000\"><strong>Einsatzmittel<\/strong><\/p>\n<\/div>\n\n\n\n<div class=\"wp-block-column is-layout-flow wp-block-column-is-layout-flow\">\n<p>05<\/p>\n\n\n\n<p>17.46 Uhr<\/p>\n\n\n\n<p>1,65 Std.<\/p>\n\n\n\n<p>BAB A9 Fahrtrichtung S\u00fcden<\/p>\n\n\n\n<p>THL 1 | VU mit PKW<\/p>\n\n\n\n<p>HLF20, LF8\/6, VSA<\/p>\n\n\n\n<p>C-\/D-Rohre, Feuerl\u00f6scher, Stromerzeuger, Beleuchtungsger\u00e4t, Verkehrslenkungsger\u00e4t, Kommunikationsger\u00e4t, sonstiges Ger\u00e4t, \u00d6lbindemittel<\/p>\n<\/div>\n<\/div>\n\n\n\n<hr class=\"wp-block-separator has-css-opacity is-style-wide\"\/>\n\n\n\n<h4 class=\"wp-block-heading\">Einsatzbericht<\/h4>\n\n\n\n<p>VU mit PKW auf der BAB 9 &#8211; AS Naila\/Selbitz in FR M\u00fcnchen.<\/p>\n\n\n\n<p>Im Abfahrtsbereich der AS Naila\/Selbitz kam ein PKW von der Fahrbahn ab, \u00fcberfuhr den Gr\u00fcnstreifen im Abfahrtsast, und kam anschlie\u00dfend besch\u00e4digt in der Abfahrt zum Stehen. Bei Eintre\ufb00en wurde der Verletzte bereits durch den HvO Berg betreut und erstversorgt. Am Unfallfahrzeug wurde durch FL Berg 40\/1 auslaufende Betriebssto\ufb00e gebunden und der Brandschutz sichergestellt.<\/p>\n\n\n\n<p>F\u00fcr die Dauer der Unfallaufnahme und Abtransport des Fahrzeuges, wurde die Auf- und Abfahrt der AS Naila\/Selbitz in FR M\u00fcnchen gesperrt.<\/p>\n\n\n\n<h4 class=\"wp-block-heading has-text-align-center\">Einsatzfoto<\/h4>\n\n\n<div class=\"wp-block-image\">\n<figure class=\"aligncenter size-large\"><a href=\"https:\/\/www.ffw-berg.de\/wordpress\/wp-content\/uploads\/2026\/03\/einsatz_010226.jpg\"><img loading=\"lazy\" decoding=\"async\" width=\"1080\" height=\"608\" src=\"https:\/\/www.ffw-berg.de\/wordpress\/wp-content\/uploads\/2026\/03\/einsatz_010226-1080x608.jpg\" alt=\"\" class=\"wp-image-219415\" srcset=\"https:\/\/www.ffw-berg.de\/wordpress\/wp-content\/uploads\/2026\/03\/einsatz_010226-1080x608.jpg 1080w, https:\/\/www.ffw-berg.de\/wordpress\/wp-content\/uploads\/2026\/03\/einsatz_010226-300x169.jpg 300w, https:\/\/www.ffw-berg.de\/wordpress\/wp-content\/uploads\/2026\/03\/einsatz_010226-120x68.jpg 120w, https:\/\/www.ffw-berg.de\/wordpress\/wp-content\/uploads\/2026\/03\/einsatz_010226-768x432.jpg 768w, https:\/\/www.ffw-berg.de\/wordpress\/wp-content\/uploads\/2026\/03\/einsatz_010226-1536x864.jpg 1536w, https:\/\/www.ffw-berg.de\/wordpress\/wp-content\/uploads\/2026\/03\/einsatz_010226-678x381.jpg 678w, https:\/\/www.ffw-berg.de\/wordpress\/wp-content\/uploads\/2026\/03\/einsatz_010226.jpg 1920w\" sizes=\"auto, (max-width: 1080px) 100vw, 1080px\" \/><\/a><\/figure>\n<\/div>","protected":false},"excerpt":{"rendered":"<div class=\"mh-excerpt\">Nr. 05  | Zeit: 17.46 Uhr | BAB A9 Fahrtrichtung S\u00fcden | THL<\/p>\n<p>Eingesetzte Fahrzeuge:<br \/>\nHLF20, LF8\/6, VSA<\/p><\/div>\n<p> <a class=\"mh-excerpt-more\" href=\"https:\/\/www.ffw-berg.de\/wordpress\/einsatz-vom-010626-thl-vu-mit-pkw\/\" title=\"Einsatz vom 01.06.26 &#8211; THL, VU mit PKW\">[  Mehr &gt;&gt; ]<\/a><\/p>\n","protected":false},"author":2,"featured_media":219415,"comment_status":"closed","ping_status":"open","sticky":false,"template":"","format":"standard","meta":{"footnotes":""},"categories":[1524,4],"tags":[78,79,82,364,167,537,562,567,894,1063],"class_list":{"0":"post-219414","1":"post","2":"type-post","3":"status-publish","4":"format-standard","5":"has-post-thumbnail","7":"category-einsaetze-2026","8":"category-einsaetze","9":"tag-thl","10":"tag-oelbindemittel","11":"tag-lf86","12":"tag-mtw","13":"tag-stromerzeuger","14":"tag-beleuchtungsgeraet","15":"tag-kommunikationsgeraete","16":"tag-c-d-rohre","17":"tag-hlf20","18":"tag-verkehrslenkungmittel"},"_links":{"self":[{"href":"https:\/\/www.ffw-berg.de\/wordpress\/wp-json\/wp\/v2\/posts\/219414","targetHints":{"allow":["GET"]}}],"collection":[{"href":"https:\/\/www.ffw-berg.de\/wordpress\/wp-json\/wp\/v2\/posts"}],"about":[{"href":"https:\/\/www.ffw-berg.de\/wordpress\/wp-json\/wp\/v2\/types\/post"}],"author":[{"embeddable":true,"href":"https:\/\/www.ffw-berg.de\/wordpress\/wp-json\/wp\/v2\/users\/2"}],"replies":[{"embeddable":true,"href":"https:\/\/www.ffw-berg.de\/wordpress\/wp-json\/wp\/v2\/comments?post=219414"}],"version-history":[{"count":0,"href":"https:\/\/www.ffw-berg.de\/wordpress\/wp-json\/wp\/v2\/posts\/219414\/revisions"}],"wp:featuredmedia":[{"embeddable":true,"href":"https:\/\/www.ffw-berg.de\/wordpress\/wp-json\/wp\/v2\/media\/219415"}],"wp:attachment":[{"href":"https:\/\/www.ffw-berg.de\/wordpress\/wp-json\/wp\/v2\/media?parent=219414"}],"wp:term":[{"taxonomy":"category","embeddable":true,"href":"https:\/\/www.ffw-berg.de\/wordpress\/wp-json\/wp\/v2\/categories?post=219414"},{"taxonomy":"post_tag","embeddable":true,"href":"https:\/\/www.ffw-berg.de\/wordpress\/wp-json\/wp\/v2\/tags?post=219414"}],"curies":[{"name":"wp","href":"https:\/\/api.w.org\/{rel}","templated":true}]}}