{"id":2245,"date":"2013-10-25T10:00:15","date_gmt":"2013-10-25T08:00:15","guid":{"rendered":"http:\/\/www.ffw-berg.de\/wordpress\/?page_id=2245"},"modified":"2018-01-25T10:23:06","modified_gmt":"2018-01-25T09:23:06","slug":"ff-berg-erhaelt-2-wbk-und-oesa","status":"publish","type":"post","link":"https:\/\/www.ffw-berg.de\/wordpress\/ff-berg-erhaelt-2-wbk-und-oesa\/","title":{"rendered":"FF Berg erh\u00e4lt 2 WBK und \u00d6SA"},"content":{"rendered":"<p><span style=\"font-family: arial, helvetica, sans-serif; font-size: 12px; color: #808080;\"><em>Quelle: Amtsblatt &#8222;Wir im Frankenwald&#8220; &#8211; Aus dem Rathaus der Gemeinde Berg vom 25.10.13<\/em><\/span><\/p>\n<p><span style=\"font-family: arial, helvetica, sans-serif; font-size: 12px; color: #808080;\"><em>Foto: Sandra H\u00fcttner<\/em><\/span><\/p>\n<h3><span style=\"color: #800000; font-family: arial, helvetica, sans-serif;\">Zwei W\u00e4rmebildkameras f\u00fcr die FFW Berg<\/span><\/h3>\n<figure style=\"width: 300px\" class=\"wp-caption alignright\"><img loading=\"lazy\" decoding=\"async\" class=\" \" src=\"http:\/\/www.ffw-berg.de\/wordpress\/wp-content\/uploads\/2014\/04\/WBK-Berg-e1396592114834.jpg\" alt=\"WBK FF Berg\" width=\"300\" height=\"208\" \/><figcaption class=\"wp-caption-text\"><span style=\"font-family: arial, helvetica, sans-serif;\">Von Links: B\u00fcrgermeister Peter R\u00f6del, Kommandant Gunther Schaller, Stellv. Kommandant Marco Kolbinger und<\/span><br \/><span style=\"font-family: arial, helvetica, sans-serif;\">KBM Hans M\u00fcnzer<\/span><br \/><span style=\"font-family: arial, helvetica, sans-serif;\">Foto: Sandra H\u00fcttner<\/span><\/figcaption><\/figure>\n<p style=\"text-align: justify;\"><span style=\"font-family: arial, helvetica, sans-serif; font-size: 14px;\">Mit der Anschaffung der zwei <a title=\"Zur Firmenhomepage\" href=\"http:\/\/www.ffw-berg.de\/wordpress\/aktuelle-wetterwarnung-dwd\/\" target=\"_blank\" rel=\"noopener\">W\u00e4rmebildkameras der Firma FLIR<\/a> ist ein weiterer Baustein f\u00fcr mehr Sicherheit bei den Eins\u00e4tzen geschaffen worden. Nicht nur f\u00fcr die Suche von Glunestern oder die Suche nach vermissten Personen im Brandrauch, sondern auch f\u00fcr die Sicherheit der Einsatzkr\u00e4fte leistet die Kamera einen wertvollen Beitrag. Auch die Sicherheit der B\u00fcrger steigt mit der Neuanschaffung, finanziert durch einen Spendenaufruf, den ortsans\u00e4ssigen Firmen, Geldinstitute und Privatpersonen unterst\u00fctzten.<\/span><\/p>\n<p style=\"text-align: justify;\"><span style=\"font-family: arial, helvetica, sans-serif; font-size: 14px;\">Mit der W\u00e4rmebildkamera werden Temperaturunterschiede auf einem Bildschirm unterschiedlich hell dargestellt. Menschen, aber auch andere Objekte heben sich deutlich durch die abstrahlende W\u00e4rme von der Umgebung ab. So kann die Hitzestrahlung eines Brandes im Geb\u00e4ude durch die W\u00e4rmebildkamera sichtbar gemacht und der Brandherd einfacher und schneller lokalisiert werden. Au\u00dferdem k\u00f6nnen die Feuerwehrleute damit genau beobachten, ob sich die Hitzeausbreitung im Deckenbereich einzelner R\u00e4ume verringert oder vergr\u00f6\u00dfert. Genauso k\u00f6nnen sie die Wirkung des Wasserstrahls kontrollieren und die Wassermenge entsprechend anpassen.<\/span><\/p>\n<p style=\"text-align: justify;\"><span style=\"font-family: arial, helvetica, sans-serif; font-size: 14px;\">Bei der Brandnachschau erleichtert die W\u00e4rmebildkamera den Einsatzkr\u00e4ften die Suche nach Glutnestern und erm\u00f6glicht auch das Aufsp\u00fcren von Gefahrstoffen. Letztendlich k\u00f6nnen die Feuerwehrm\u00e4nner auch bei Verkehrsunf\u00e4llen nach herausgeschleuderten Menschen suchen. Es ist sogar m\u00f6glich, im Fahrzeug beim Betrachten der Sitze mit der W\u00e4rmebildkamera festzustellen, ob dort jemand gesessen hat, da die K\u00f6rperw\u00e4rme noch einige Zeit auf den Sitzen nachweisbar ist.<\/span><\/p>\n<p style=\"text-align: justify;\"><span style=\"font-family: arial, helvetica, sans-serif; font-size: 14px;\">&#8222;Wir wollen bestm\u00f6gliche und schnelle Hilfe leisten&#8220;, erl\u00e4uterte Kommandant Schaller, der von einer erfolgreichen Spendenaktion sprach. F\u00fcr jede Kamera zahlt der Freistaat Bayern zudem einen Zuschuss in H\u00f6he von 2750 Euro. Schaller wies auch auf die Vorreiterrolle der St\u00fctzpunktwehr schon bei der Beschaffung von zwei Rettungss\u00e4tzen hin. &#8222;So k\u00f6nnen die Einsatzfahrzeuge unabh\u00e4ngig voneinander fahren, und die Atemschutzger\u00e4tetr\u00e4gertrupps k\u00f6nnen unabh\u00e4ngig voneinander arbeiten.&#8220;<\/span><\/p>\n<p style=\"text-align: justify;\"><span style=\"font-family: arial, helvetica, sans-serif; font-size: 14px;\">Aber nicht nur zwei W\u00e4rmebildkameras stellte die St\u00fctzpunktwehr offiziell in Dienst, sondern auch den <a title=\"\u00d6lschadenanh\u00e4nger \u00d6SA\" href=\"http:\/\/www.ffw-berg.de\/wordpress\/fahrzeuge\/oelschadenanhaenger-oesa\/\">\u00d6lschadensanh\u00e4nger<\/a>. &#8222;Wir fahren im Jahr mehrere Eins\u00e4tze wegen auslaufender Betriebsstoffen&#8220;, erl\u00e4uterte der Kommandant. &#8222;Bisher waren die notwendigen Materialien auf verschiedene Fahrzeuge verteilt, sodass mehrere Autos ausr\u00fccken und die Einsatzkr\u00e4fte auf die nachfolgenden Fahrzeuge warten mussten.&#8220; Nun wird der \u00d6lschadensanh\u00e4nger, beladen mit einem Fasswagen, Pumpe und gr\u00f6\u00dferen Mengen an \u00d6lbinder, einfach am Fahrzeug angeh\u00e4ngt und alles ist gleichzeitig vor Ort.<\/span><\/p>\n<p style=\"text-align: justify;\"><span style=\"font-family: arial, helvetica, sans-serif; font-size: 14px;\">Kreisbrandmeister Hans M\u00fcnzer lobte die engagierte Berger St\u00fctzpunktwehr, die ihre Ausr\u00fcstung immer wieder vervollst\u00e4ndigt und modernisiert. &#8222;Damit kann eine effektivere, schnellere, und mit dem \u00d6lschadensanh\u00e4nger auch umweltgerechtere Hilfe geleistet werden.&#8220;<\/span><\/p>\n<p style=\"text-align: justify;\"><span style=\"font-family: arial, helvetica, sans-serif; font-size: 14px;\">B\u00fcrgermeister Peter R\u00f6del dankte ebenfalls wie zuvor Kommandant Gunther Schaller, allen Unterst\u00fctzern, Sponsoren und G\u00f6nnern. &#8222;Mit dem neuen Handwerkszeug kann die Feuerwehr noch besser agieren&#8220;, unterstrich das Gemeindeoberhaupt. R\u00f6del sprach von einem in Berg grassierenden &#8222;Feuerwehrvirus&#8220;, der immer wieder Ideen entwickle und verwirkliche. Abschlie\u00dfend informierte B\u00fcrgermeister R\u00f6del, dass noch in diesem Jahr sechs neue Atemschutzger\u00e4tetr\u00e4geranz\u00fcge anschafft werden.<\/span><\/p>\n<h4 style=\"text-align: center;\"><span style=\"color: #800000; font-family: arial, helvetica, sans-serif; font-size: 14px;\">Bilder von der feierlichen \u00dcbergabe<\/span><\/h4>\n<p style=\"text-align: center;\"><span style=\"font-family: arial,helvetica,sans-serif; font-size: 8pt;\">Zur Vergr\u00f6\u00dferung anklicken!<\/span><\/p>\n","protected":false},"excerpt":{"rendered":"<div class=\"mh-excerpt\"><span style=\"color: #ff0000; font-family: arial,helvetica,sans-serif; font-size: 12pt;\">Zwei W\u00e4rmebildkameras f\u00fcr die FFW Berg<\/span><\/p>\n<p style=\"text-align: justify;\"><span style=\"font-family: arial,helvetica,sans-serif; font-size: 10pt;\">Mit der Anschaffung der zwei W\u00e4rmebildkameras der Firma FLIR ist ein weiterer Baustein f\u00fcr mehr Sicherheit bei den Eins\u00e4tzen geschaffen worden. Nicht nur f\u00fcr die Suche von Glunestern oder die Suche nach vermissten Personen im Brandrauch, sondern auch f\u00fcr die Sicherheit der Einsatzkr\u00e4fte leistet die Kamera einen wertvollen Beitrag.<\/span><\/p>\n<\/div>\n<p> <a class=\"mh-excerpt-more\" href=\"https:\/\/www.ffw-berg.de\/wordpress\/ff-berg-erhaelt-2-wbk-und-oesa\/\" title=\"FF Berg erh\u00e4lt 2 WBK und \u00d6SA\">[  Mehr &gt;&gt; ]<\/a><\/p>\n","protected":false},"author":2,"featured_media":2243,"comment_status":"closed","ping_status":"open","sticky":false,"template":"","format":"standard","meta":{"footnotes":""},"categories":[747],"tags":[],"class_list":{"0":"post-2245","1":"post","2":"type-post","3":"status-publish","4":"format-standard","5":"has-post-thumbnail","7":"category-wir-ueber-uns-2"},"_links":{"self":[{"href":"https:\/\/www.ffw-berg.de\/wordpress\/wp-json\/wp\/v2\/posts\/2245","targetHints":{"allow":["GET"]}}],"collection":[{"href":"https:\/\/www.ffw-berg.de\/wordpress\/wp-json\/wp\/v2\/posts"}],"about":[{"href":"https:\/\/www.ffw-berg.de\/wordpress\/wp-json\/wp\/v2\/types\/post"}],"author":[{"embeddable":true,"href":"https:\/\/www.ffw-berg.de\/wordpress\/wp-json\/wp\/v2\/users\/2"}],"replies":[{"embeddable":true,"href":"https:\/\/www.ffw-berg.de\/wordpress\/wp-json\/wp\/v2\/comments?post=2245"}],"version-history":[{"count":0,"href":"https:\/\/www.ffw-berg.de\/wordpress\/wp-json\/wp\/v2\/posts\/2245\/revisions"}],"wp:featuredmedia":[{"embeddable":true,"href":"https:\/\/www.ffw-berg.de\/wordpress\/wp-json\/wp\/v2\/media\/2243"}],"wp:attachment":[{"href":"https:\/\/www.ffw-berg.de\/wordpress\/wp-json\/wp\/v2\/media?parent=2245"}],"wp:term":[{"taxonomy":"category","embeddable":true,"href":"https:\/\/www.ffw-berg.de\/wordpress\/wp-json\/wp\/v2\/categories?post=2245"},{"taxonomy":"post_tag","embeddable":true,"href":"https:\/\/www.ffw-berg.de\/wordpress\/wp-json\/wp\/v2\/tags?post=2245"}],"curies":[{"name":"wp","href":"https:\/\/api.w.org\/{rel}","templated":true}]}}