{"id":269,"date":"2010-04-30T10:00:20","date_gmt":"2010-04-30T08:00:20","guid":{"rendered":"http:\/\/www.ffw-berg.de\/wordpress\/?page_id=269"},"modified":"2018-12-29T15:19:57","modified_gmt":"2018-12-29T14:19:57","slug":"unser-himmelfahrtsmarsch-2010","status":"publish","type":"post","link":"https:\/\/www.ffw-berg.de\/wordpress\/unser-himmelfahrtsmarsch-2010\/","title":{"rendered":"Unser Himmelfahrtsmarsch 2010"},"content":{"rendered":"\n<h2 class=\"mceTemp wp-block-heading\">Impressionen vom Himmelfahrtsmarsch 2010 <span style=\"color: #800000; font-family: arial, helvetica, sans-serif;\"><\/span><\/h2>\n\n\n\n<div class=\"wp-block-image\"><figure class=\"alignright\"><a href=\"http:\/\/www.ffw-berg.de\/wordpress\/fw-verein\/ubersicht-unserer-himmelfahrtsmarsche\/unser-himmelfahrtsmarsch-2010\/digital-camera-2\/\" rel=\"attachment wp-att-270\"><img loading=\"lazy\" decoding=\"async\" width=\"300\" height=\"224\" src=\"http:\/\/www.ffw-berg.de\/wordpress\/wp-content\/uploads\/2012\/09\/vatertag10_05-300x224.jpg\" alt=\"\" class=\"wp-image-270\" srcset=\"https:\/\/www.ffw-berg.de\/wordpress\/wp-content\/uploads\/2012\/09\/vatertag10_05-300x224.jpg 300w, https:\/\/www.ffw-berg.de\/wordpress\/wp-content\/uploads\/2012\/09\/vatertag10_05-120x90.jpg 120w, https:\/\/www.ffw-berg.de\/wordpress\/wp-content\/uploads\/2012\/09\/vatertag10_05-326x245.jpg 326w, https:\/\/www.ffw-berg.de\/wordpress\/wp-content\/uploads\/2012\/09\/vatertag10_05-80x60.jpg 80w, https:\/\/www.ffw-berg.de\/wordpress\/wp-content\/uploads\/2012\/09\/vatertag10_05.jpg 448w\" sizes=\"auto, (max-width: 300px) 100vw, 300px\" \/><\/a><figcaption><a rel=\"attachment wp-att-270\" href=\"http:\/\/www.ffw-berg.de\/wordpress\/fw-verein\/ubersicht-unserer-himmelfahrtsmarsche\/unser-himmelfahrtsmarsch-2010\/digital-camera-2\/\"><\/a> <span style=\"font-family: arial, helvetica, sans-serif; font-size: 12px;\">Zwischenstopp in Lamitz<\/span><\/figcaption><\/figure><\/div>\n\n\n\n<p>In diesem Jahr f\u00fchrte die FF Berg ihren traditionellen Himmelfahrtsmarsch leider bei sehr tr\u00fcben und k\u00fchlen Wetter durch. <span style=\"font-family: arial, helvetica, sans-serif;\"><\/span><\/p>\n\n\n\n<p>Der rund 15 km lange Weg f\u00fchrte vom Ger\u00e4tehaus Berg Richtung Steinb\u00fchl \u00fcber Brandstein. Nach einer kleinen Brotzeit ging es dann weiter nach Lamitz ins Dorfgemeinschaftshaus, wo eine deftige Wei\u00dfwurst-Brotzeit auf uns wartete. Von dort ging es weiter nach Tiefengr\u00fcn zum Mittagessen in der Gastst\u00e4tte \u00a0&#8222;Zur Hulda&#8220;. <span style=\"font-family: arial, helvetica, sans-serif;\"><\/span><\/p>\n\n\n\n<p>Danach ging es frisch gest\u00e4rkt an den Windr\u00e4dern bei Moos vorbei nach Schnarcheneuth zum Gasthaus Gebhardt, wo unser diesj\u00e4hrige Vatertag beim gemeinsamen Abendessen endete. <span style=\"font-family: arial, helvetica, sans-serif;\"><\/span><\/p>\n\n\n\n<hr class=\"wp-block-separator is-style-wide\"\/>\n\n\n\n<h4 class=\"wp-block-heading\" style=\"text-align:center\">Alle Bilder von unserem Marsch in unserem Album bei <span style=\"color: #800000; font-family: arial, helvetica, sans-serif;\"><br \/><\/span><\/h4>\n\n\n\n<figure class=\"wp-block-embed is-type-rich is-provider-google-photos\"><div class=\"wp-block-embed__wrapper\">\n<blockquote class=\"embedly-card\" data-card-controls=\"0\" data-card-align=\"center\" data-card-theme=\"light\"><h4><a href=\"https:\/\/goo.gl\/photos\/zjLbUhWPcz1vRqNb8\">No Title<\/a><\/h4><p>No Description<\/p><\/blockquote><script async src=\"\/\/cdn.embedly.com\/widgets\/platform.js\" charset=\"UTF-8\"><\/script>\n<\/div><\/figure>\n\n\n\n<p><\/p>\n","protected":false},"excerpt":{"rendered":"<div class=\"mh-excerpt\">Unsere Wanderung f\u00fchrte uns 15 km von Berg \u00fcber Brandstein, Lamitz und Tiefengr\u00fcn zum Mittagessen nach Schnarchenreuth<\/div>\n<p> <a class=\"mh-excerpt-more\" href=\"https:\/\/www.ffw-berg.de\/wordpress\/unser-himmelfahrtsmarsch-2010\/\" title=\"Unser Himmelfahrtsmarsch 2010\">[  Mehr &gt;&gt; ]<\/a><\/p>\n","protected":false},"author":2,"featured_media":270,"comment_status":"closed","ping_status":"open","sticky":false,"template":"","format":"standard","meta":{"footnotes":""},"categories":[18],"tags":[],"class_list":{"0":"post-269","1":"post","2":"type-post","3":"status-publish","4":"format-standard","5":"has-post-thumbnail","7":"category-himmelfahrt"},"_links":{"self":[{"href":"https:\/\/www.ffw-berg.de\/wordpress\/wp-json\/wp\/v2\/posts\/269","targetHints":{"allow":["GET"]}}],"collection":[{"href":"https:\/\/www.ffw-berg.de\/wordpress\/wp-json\/wp\/v2\/posts"}],"about":[{"href":"https:\/\/www.ffw-berg.de\/wordpress\/wp-json\/wp\/v2\/types\/post"}],"author":[{"embeddable":true,"href":"https:\/\/www.ffw-berg.de\/wordpress\/wp-json\/wp\/v2\/users\/2"}],"replies":[{"embeddable":true,"href":"https:\/\/www.ffw-berg.de\/wordpress\/wp-json\/wp\/v2\/comments?post=269"}],"version-history":[{"count":0,"href":"https:\/\/www.ffw-berg.de\/wordpress\/wp-json\/wp\/v2\/posts\/269\/revisions"}],"wp:featuredmedia":[{"embeddable":true,"href":"https:\/\/www.ffw-berg.de\/wordpress\/wp-json\/wp\/v2\/media\/270"}],"wp:attachment":[{"href":"https:\/\/www.ffw-berg.de\/wordpress\/wp-json\/wp\/v2\/media?parent=269"}],"wp:term":[{"taxonomy":"category","embeddable":true,"href":"https:\/\/www.ffw-berg.de\/wordpress\/wp-json\/wp\/v2\/categories?post=269"},{"taxonomy":"post_tag","embeddable":true,"href":"https:\/\/www.ffw-berg.de\/wordpress\/wp-json\/wp\/v2\/tags?post=269"}],"curies":[{"name":"wp","href":"https:\/\/api.w.org\/{rel}","templated":true}]}}