{"id":2693,"date":"2014-05-03T21:00:10","date_gmt":"2014-05-03T19:00:10","guid":{"rendered":"http:\/\/www.ffw-berg.de\/wordpress\/?p=2693"},"modified":"2018-01-26T18:47:41","modified_gmt":"2018-01-26T17:47:41","slug":"berg-gewinnt-den-3-kuppel-cup-2014","status":"publish","type":"post","link":"https:\/\/www.ffw-berg.de\/wordpress\/berg-gewinnt-den-3-kuppel-cup-2014\/","title":{"rendered":"Berg gewinnt den 3. Kuppel-Cup 2014"},"content":{"rendered":"<h3><span style=\"color: #800000; font-family: arial, helvetica, sans-serif;\">3. Kuppel-Cup 2014 in Marxgr\u00fcn<\/span><\/h3>\n<p>&nbsp;<\/p>\n<figure id=\"attachment_2834\" aria-describedby=\"caption-attachment-2834\" style=\"width: 400px\" class=\"wp-caption alignright\"><a href=\"http:\/\/www.ffw-berg.de\/wordpress\/wp-content\/uploads\/2014\/05\/kuppelcup.jpg\"><img loading=\"lazy\" decoding=\"async\" class=\"wp-image-2834 size-full\" src=\"http:\/\/www.ffw-berg.de\/wordpress\/wp-content\/uploads\/2014\/05\/kuppelcup-e1404726029295.jpg\" alt=\"Kuppel-Cup\" width=\"400\" height=\"259\" srcset=\"https:\/\/www.ffw-berg.de\/wordpress\/wp-content\/uploads\/2014\/05\/kuppelcup-e1404726029295.jpg 400w, https:\/\/www.ffw-berg.de\/wordpress\/wp-content\/uploads\/2014\/05\/kuppelcup-e1404726029295-120x78.jpg 120w, https:\/\/www.ffw-berg.de\/wordpress\/wp-content\/uploads\/2014\/05\/kuppelcup-e1404726029295-300x194.jpg 300w\" sizes=\"auto, (max-width: 400px) 100vw, 400px\" \/><\/a><figcaption id=\"caption-attachment-2834\" class=\"wp-caption-text\"><span style=\"color: #000000; font-family: arial, helvetica, sans-serif; font-size: 12px;\">Ins Leben gerufen wurde dieser Wettstreit von der Freiwilligen Feuerwehr der Stadt Hof im Jahr 2012.<\/span><\/figcaption><\/figure>\n<p><span style=\"font-family: arial, helvetica, sans-serif; font-size: 14px;\">Am 03. Mai 2014 wurde in Marxgr\u00fcn der 3.Kuppel-Cup ausgetragen. Ins Leben gerufen wurde dieser Wettstreit von der Freiwilligen Feuerwehr Hof 2012.<\/span><\/p>\n<p><span style=\"font-family: arial, helvetica, sans-serif; font-size: 14px;\">Kurz und knapp geht es um Schnelligkeit, Teamgeist und fachliches K\u00f6nnen, denn nicht nur schnell Kuppeln sondern auch richtig, n\u00e4mlich nach den Richtlinien der Leistungspr\u00fcfung Wasser, mu\u00dfte gearbeitet werden.<\/span><\/p>\n<p><span class=\"ff1 fs20\" style=\"font-family: arial, helvetica, sans-serif; font-size: 14px;\">Schiedsrichter waren Kreisbrandrat Reiner Hoffmann, Kreisbrandmeistern Andreas Bittermann und Thomas Popp, der Ehrenkreisbrandinspektor Willi \u00a0Zemsch sowie die Zeitnehmer G\u00fcnter L\u00f6hner und Hans Griesbach.<\/span><\/p>\n<p><span style=\"font-family: arial, helvetica, sans-serif; font-size: 14px;\">Nach einem spannenden Wettkampf holte sich das Team BERG 2 der FF Berg mit einer Wertung von 44,10 sek in der Ewachsenenwertung den 1. Platz und l\u00f6ste damit die Titelverteidiger aus Marxgr\u00fcn ab.<\/span><\/p>\n<p><span style=\"font-family: arial, helvetica, sans-serif; font-size: 14px;\">Unser Team BERG 1 belegte Platz 3. Die Titelverteidiger Platz 5.<\/span><\/p>\n<p style=\"text-align: center;\"><span style=\"font-family: arial, helvetica, sans-serif; font-size: 14px;\"><strong>Damit ist die FF Berg Ausrichter des Kuppel-Cup 2015 in Berg!<\/strong><\/span><\/p>\n<h3 style=\"text-align: center;\"><span style=\"font-family: arial, helvetica, sans-serif; color: #800000;\">Platzierungen<\/span><\/h3>\n<p>[one_half]<\/p>\n<h4 style=\"text-align: center;\"><span style=\"color: #800000; font-family: arial, helvetica, sans-serif;\">Erwachsene<\/span><\/h4>\n<p style=\"text-align: center;\"><span style=\"font-family: arial, helvetica, sans-serif; font-size: 14px;\"><strong>Platz 1: Berg 2 (44,10 Sek.)<\/strong><\/span><\/p>\n<p style=\"text-align: center;\"><span style=\"font-family: arial, helvetica, sans-serif; font-size: 14px;\"><strong>Platz 2: Sparneck 1 (48,11)<\/strong><\/span><\/p>\n<p style=\"text-align: center;\"><span style=\"font-family: arial, helvetica, sans-serif; font-size: 14px;\"><strong>Platz 3: Berg 1 (50.30)<\/strong><\/span><\/p>\n<ul>\n<li style=\"text-align: center;\"><span style=\"font-family: arial, helvetica, sans-serif; font-size: 14px;\">Lichtenberg 1 (52,30)<\/span><\/li>\n<li style=\"text-align: center;\"><span style=\"font-family: arial, helvetica, sans-serif; font-size: 14px;\">Marxgr\u00fcn (52,80)<\/span><\/li>\n<li style=\"text-align: center;\"><span style=\"font-family: arial, helvetica, sans-serif; font-size: 14px;\">Hof 1 (54,30)<\/span><\/li>\n<li style=\"text-align: center;\"><span style=\"font-family: arial, helvetica, sans-serif; font-size: 14px;\">Naila 3 (59,19)<\/span><\/li>\n<li style=\"text-align: center;\"><span style=\"font-family: arial, helvetica, sans-serif; font-size: 14px;\">Naila 1 (64,41)<\/span><\/li>\n<li style=\"text-align: center;\"><span style=\"font-family: arial, helvetica, sans-serif; font-size: 14px;\">Sparneck 2 (66,40)<\/span><\/li>\n<li style=\"text-align: center;\"><span style=\"font-family: arial, helvetica, sans-serif; font-size: 14px;\">Naila 2 (66,66)<\/span><\/li>\n<li style=\"text-align: center;\"><span style=\"font-family: arial, helvetica, sans-serif; font-size: 14px;\">Biengarten bei M\u00fcnchberg (72,02)<\/span><\/li>\n<\/ul>\n<p>[\/one_half]<\/p>\n<p>[one_half_last]<\/p>\n<h4 style=\"text-align: center;\"><span style=\"color: #800000; font-family: arial, helvetica, sans-serif;\">Jugendliche<\/span><\/h4>\n<p style=\"text-align: center;\"><span style=\"font-family: arial, helvetica, sans-serif; font-size: 14px;\"><strong>Platz 1: Lichtenberg (47,02)<\/strong><\/span><\/p>\n<p style=\"text-align: center;\"><span style=\"font-family: arial, helvetica, sans-serif; font-size: 14px;\"><strong>Platz 2: Zedtwitz 1 (53,30)<\/strong><\/span><\/p>\n<p style=\"text-align: center;\"><span style=\"font-family: arial, helvetica, sans-serif; font-size: 14px;\"><strong>Platz 3: Marxgr\u00fcn 1 (53,32)<\/strong><\/span><\/p>\n<ul>\n<li style=\"text-align: center;\"><span style=\"font-family: arial, helvetica, sans-serif; font-size: 14px;\">Sparneck 1 (60,50)<\/span><\/li>\n<li style=\"text-align: center;\"><span style=\"font-family: arial, helvetica, sans-serif; font-size: 14px;\">Hof 1 (66,30)<\/span><\/li>\n<li style=\"text-align: center;\"><span style=\"font-family: arial, helvetica, sans-serif; font-size: 14px;\">Zedtwitz 2 (75,20)<\/span><\/li>\n<li style=\"text-align: center;\"><span style=\"font-family: arial, helvetica, sans-serif; font-size: 14px;\">Naila 1 (81,50)<\/span><\/li>\n<\/ul>\n<p>[\/one_half_last]<\/p>\n<hr \/>\n<h4><span style=\"font-family: arial, helvetica, sans-serif; font-size: 14px;\"><span style=\"color: #800000;\">Weitere Berichterstattung<\/span> <\/span><\/h4>\n<ul>\n<li><span style=\"font-family: arial, helvetica, sans-serif; font-size: 14px;\">Lesen Sie dazu auch den Bericht der Frankenpost vom 05.05.14 <strong><a title=\"Zum Bericht der Frankenpost\" href=\"http:\/\/www.frankenpost.de\/lokal\/hofrehau\/hof-land\/Berger-kuppeln-am-schnellsten;art2438,3339441\" target=\"_blank\" rel=\"noopener\">hier <\/a><\/strong><\/span><\/li>\n<li><span style=\"font-family: arial, helvetica, sans-serif; font-size: 14px;\">Mehr Bilder vom Cup\u00a0 von der FF Marxgr\u00fcn gibts <strong><a title=\"Zur Homepage\" href=\"http:\/\/www.feuerwehr-marxgruen.de\/kuppelcup.html\" target=\"_blank\" rel=\"noopener\">hier<\/a><\/strong> <\/span><\/li>\n<li><span style=\"font-size: 14px;\"><span style=\"font-family: arial, helvetica, sans-serif;\">Bilder der FF Naila vom Cup auf deren Facebookseite <\/span><strong><a title=\"Zur Facebook-Seite der FF Naila\" href=\"https:\/\/www.facebook.com\/media\/set\/?set=a.754540197901828.1073741861.151327131556474&amp;type=1\" target=\"_blank\" rel=\"noopener\"><span style=\"font-family: arial, helvetica, sans-serif;\">hier<\/span> <\/a><\/strong><\/span><\/li>\n<\/ul>\n","protected":false},"excerpt":{"rendered":"<div class=\"mh-excerpt\">3. Kuppel-Cup 2014 in Marxgr\u00fcn &nbsp; Am 03. Mai 2014 wurde in Marxgr\u00fcn der 3.Kuppel-Cup ausgetragen. Ins Leben gerufen wurde dieser Wettstreit von der Freiwilligen Feuerwehr Hof 2012. Kurz und <a class=\"mh-excerpt-more\" href=\"https:\/\/www.ffw-berg.de\/wordpress\/berg-gewinnt-den-3-kuppel-cup-2014\/\" title=\"Berg gewinnt den 3. Kuppel-Cup 2014\">[  Mehr &gt;&gt; ]<\/a><\/div>\n","protected":false},"author":2,"featured_media":2834,"comment_status":"closed","ping_status":"open","sticky":false,"template":"","format":"standard","meta":{"footnotes":""},"categories":[139,752],"tags":[],"class_list":{"0":"post-2693","1":"post","2":"type-post","3":"status-publish","4":"format-standard","5":"has-post-thumbnail","7":"category-kuppelcup","8":"category-kuppel-cup-2014"},"_links":{"self":[{"href":"https:\/\/www.ffw-berg.de\/wordpress\/wp-json\/wp\/v2\/posts\/2693","targetHints":{"allow":["GET"]}}],"collection":[{"href":"https:\/\/www.ffw-berg.de\/wordpress\/wp-json\/wp\/v2\/posts"}],"about":[{"href":"https:\/\/www.ffw-berg.de\/wordpress\/wp-json\/wp\/v2\/types\/post"}],"author":[{"embeddable":true,"href":"https:\/\/www.ffw-berg.de\/wordpress\/wp-json\/wp\/v2\/users\/2"}],"replies":[{"embeddable":true,"href":"https:\/\/www.ffw-berg.de\/wordpress\/wp-json\/wp\/v2\/comments?post=2693"}],"version-history":[{"count":0,"href":"https:\/\/www.ffw-berg.de\/wordpress\/wp-json\/wp\/v2\/posts\/2693\/revisions"}],"wp:featuredmedia":[{"embeddable":true,"href":"https:\/\/www.ffw-berg.de\/wordpress\/wp-json\/wp\/v2\/media\/2834"}],"wp:attachment":[{"href":"https:\/\/www.ffw-berg.de\/wordpress\/wp-json\/wp\/v2\/media?parent=2693"}],"wp:term":[{"taxonomy":"category","embeddable":true,"href":"https:\/\/www.ffw-berg.de\/wordpress\/wp-json\/wp\/v2\/categories?post=2693"},{"taxonomy":"post_tag","embeddable":true,"href":"https:\/\/www.ffw-berg.de\/wordpress\/wp-json\/wp\/v2\/tags?post=2693"}],"curies":[{"name":"wp","href":"https:\/\/api.w.org\/{rel}","templated":true}]}}