{"id":2707,"date":"2014-05-29T23:00:02","date_gmt":"2014-05-29T21:00:02","guid":{"rendered":"http:\/\/www.ffw-berg.de\/wordpress\/?page_id=2707"},"modified":"2018-12-29T15:56:37","modified_gmt":"2018-12-29T14:56:37","slug":"unser-himmelfahrtsmarsch-2014","status":"publish","type":"post","link":"https:\/\/www.ffw-berg.de\/wordpress\/unser-himmelfahrtsmarsch-2014\/","title":{"rendered":"Unser Himmelfahrtsmarsch 2014"},"content":{"rendered":"\n<h4 class=\"wp-block-heading\">Von Marxgr\u00fcn durchs H\u00f6llental, Issigau und Reitzenstein nach Berg <span style=\"color: #800000; font-family: arial, helvetica, sans-serif;\"><\/span><\/h4>\n\n\n\n<div class=\"wp-block-image wp-image-2708 size-medium\"><figure class=\"alignright\"><img decoding=\"async\" src=\"http:\/\/www.ffw-berg.de\/wordpress\/wp-content\/uploads\/2014\/06\/Himmelfahrt-2014-300x225.jpg\" alt=\"Himmelfahrt 2014\" class=\"wp-image-2708\"\/><figcaption><span style=\"font-family: arial, helvetica, sans-serif; font-size: 12px;\">Brotzeit am Alten Steinbruch im H\u00f6llental auf dem H\u00f6llentalwanderweg<\/span><\/figcaption><\/figure><\/div>\n\n\n\n<p>Unser diesj\u00e4hriger Marsch startete am Ger\u00e4tehaus der FF Marxgr\u00fcn und f\u00fchrte uns zun\u00e4chst \u00fcber die H\u00f6llensprudelquelle im Ort H\u00f6lle auf den H\u00f6llentalwanderweg.&nbsp;Auf dieser Etappe war uns der Wettergott \u00fcberhaupt nicht geneigt. Leichter Dauerregen begleitete uns zum Alten Steinbruch an der Selbitz, wo wir Brotzeit machten und uns st\u00e4rkten f\u00fcr den weiteren Weg. <span style=\"font-family: arial, helvetica, sans-serif; font-size: 14px;\"><\/span><\/p>\n\n\n\n<p>Am Kraftwerk H\u00f6llental vorbei gings hinauf zum Gasthaus Hirschsprung. Dort gab es ein hervorragendes Mittagessen in geselliger Runde. Nachdem der Regen aufgeh\u00f6rt hatte, wanderten wir weiter \u00fcber Issigau nach Reitzenstein zu einer kurzen Einkehr. <span style=\"font-family: arial, helvetica, sans-serif; font-size: 14px;\"><\/span><\/p>\n\n\n\n<p>Danach folgte der Endspurt nach Berg ins Kleintierz\u00fcchterheim, wo bereits der Grill angefeuert war und wir bei Bratw\u00fcrsten, Steaks und gegrilltem Bauch den Tag ausklingen lie\u00dfen.  <br \/>Wir danken der Familie Resch f\u00fcr die gute Bewirtung Z\u00fcchterheim!<\/p>\n\n\n\n<hr class=\"wp-block-separator is-style-wide\"\/>\n\n\n\n<h4 class=\"wp-block-heading\" style=\"text-align:center\">Alle Fotos von unserem Marsch in unserem Album bei <span style=\"color: #800000; font-family: arial, helvetica, sans-serif;\"><\/span><\/h4>\n\n\n\n<figure class=\"wp-block-embed is-type-rich is-provider-google-photos\"><div class=\"wp-block-embed__wrapper\">\n<blockquote class=\"embedly-card\" data-card-controls=\"0\" data-card-align=\"center\" data-card-theme=\"light\"><h4><a href=\"https:\/\/goo.gl\/photos\/t374hBMZtA1aWA7eA\">No Title<\/a><\/h4><p>No Description<\/p><\/blockquote><script async src=\"\/\/cdn.embedly.com\/widgets\/platform.js\" charset=\"UTF-8\"><\/script>\n<\/div><\/figure>\n","protected":false},"excerpt":{"rendered":"<div class=\"mh-excerpt\">Unser diesj\u00e4hriger Marsch startete am Ger\u00e4tehaus der FF Marxgr\u00fcn und f\u00fchrte uns zun\u00e4chst \u00fcber die H\u00f6llensprudelquelle im Ort H\u00f6lle auf den H\u00f6llentalwanderweg nach Issigau und Reitzenstein nach Berg.<\/div>\n<p> <a class=\"mh-excerpt-more\" href=\"https:\/\/www.ffw-berg.de\/wordpress\/unser-himmelfahrtsmarsch-2014\/\" title=\"Unser Himmelfahrtsmarsch 2014\">[  Mehr &gt;&gt; ]<\/a><\/p>\n","protected":false},"author":2,"featured_media":2708,"comment_status":"closed","ping_status":"open","sticky":false,"template":"","format":"standard","meta":{"footnotes":""},"categories":[18],"tags":[],"class_list":{"0":"post-2707","1":"post","2":"type-post","3":"status-publish","4":"format-standard","5":"has-post-thumbnail","7":"category-himmelfahrt"},"_links":{"self":[{"href":"https:\/\/www.ffw-berg.de\/wordpress\/wp-json\/wp\/v2\/posts\/2707","targetHints":{"allow":["GET"]}}],"collection":[{"href":"https:\/\/www.ffw-berg.de\/wordpress\/wp-json\/wp\/v2\/posts"}],"about":[{"href":"https:\/\/www.ffw-berg.de\/wordpress\/wp-json\/wp\/v2\/types\/post"}],"author":[{"embeddable":true,"href":"https:\/\/www.ffw-berg.de\/wordpress\/wp-json\/wp\/v2\/users\/2"}],"replies":[{"embeddable":true,"href":"https:\/\/www.ffw-berg.de\/wordpress\/wp-json\/wp\/v2\/comments?post=2707"}],"version-history":[{"count":0,"href":"https:\/\/www.ffw-berg.de\/wordpress\/wp-json\/wp\/v2\/posts\/2707\/revisions"}],"wp:featuredmedia":[{"embeddable":true,"href":"https:\/\/www.ffw-berg.de\/wordpress\/wp-json\/wp\/v2\/media\/2708"}],"wp:attachment":[{"href":"https:\/\/www.ffw-berg.de\/wordpress\/wp-json\/wp\/v2\/media?parent=2707"}],"wp:term":[{"taxonomy":"category","embeddable":true,"href":"https:\/\/www.ffw-berg.de\/wordpress\/wp-json\/wp\/v2\/categories?post=2707"},{"taxonomy":"post_tag","embeddable":true,"href":"https:\/\/www.ffw-berg.de\/wordpress\/wp-json\/wp\/v2\/tags?post=2707"}],"curies":[{"name":"wp","href":"https:\/\/api.w.org\/{rel}","templated":true}]}}