{"id":2740,"date":"2014-06-01T22:00:36","date_gmt":"2014-06-01T20:00:36","guid":{"rendered":"http:\/\/www.ffw-berg.de\/wordpress\/?p=2740"},"modified":"2015-02-04T11:15:36","modified_gmt":"2015-02-04T10:15:36","slug":"marco-kolbinger-wird-neuer-leiter-der-ug-oeel-hof-land","status":"publish","type":"post","link":"https:\/\/www.ffw-berg.de\/wordpress\/marco-kolbinger-wird-neuer-leiter-der-ug-oeel-hof-land\/","title":{"rendered":"Marco Kolbinger ist neuer Leiter der UG-\u00d6EL Hof-Land"},"content":{"rendered":"<h4 style=\"text-align: justify;\"><span style=\"color: #ff0000;\">Neue F\u00fchrungsdienstgrade im Landkreis Hof<\/span><\/h4>\n<figure id=\"attachment_2741\" aria-describedby=\"caption-attachment-2741\" style=\"width: 204px\" class=\"wp-caption alignright\"><img loading=\"lazy\" decoding=\"async\" class=\"size-full wp-image-2741\" src=\"http:\/\/www.ffw-berg.de\/wordpress\/wp-content\/uploads\/2014\/06\/MarcoKolbinger2.jpg\" alt=\"M. Kolbinger\" width=\"204\" height=\"250\" srcset=\"https:\/\/www.ffw-berg.de\/wordpress\/wp-content\/uploads\/2014\/06\/MarcoKolbinger2.jpg 204w, https:\/\/www.ffw-berg.de\/wordpress\/wp-content\/uploads\/2014\/06\/MarcoKolbinger2-98x120.jpg 98w\" sizes=\"auto, (max-width: 204px) 100vw, 204px\" \/><figcaption id=\"caption-attachment-2741\" class=\"wp-caption-text\">Marco Kolbinger, 2. Kommandant FF Berg<br \/>Kreisbrandmeister<br \/>Leiter UG-\u00d6EL Landkreis Hof<\/figcaption><\/figure>\n<p style=\"text-align: justify;\">(Quelle: <a title=\"Zur Homepage\" href=\"http:\/\/www.kfv-hof.de\" target=\"_blank\">KFV Hof<\/a>)<\/p>\n<p>&nbsp;<\/p>\n<p style=\"text-align: justify;\">Am 01.06.2014 \u00fcbernimmt unser 2. Kommandant Marco Kolbinger aus Lamitz das Amt des Leiters der Unterst\u00fctzungsgruppe \u00d6rtliche Einsatzleitung Hof- Land.<\/p>\n<p>&nbsp;<\/p>\n<p style=\"text-align: center;\"><strong>Wir gratulieren recht herzlich und w\u00fcnschen allzeit gutes Gelingen bei den zu bew\u00e4ltigenden Aufgaben und Eins\u00e4tzen!<\/strong><\/p>\n","protected":false},"excerpt":{"rendered":"<div class=\"mh-excerpt\">Am 01.06.2014 \u00fcbernimmt Marco Kolbinger aus Lamitz das Amt des Leiters der Unterst\u00fctzungsgruppe \u00d6rtliche Einsatzleitung Hof- Land.<\/p>\n<p>Wir gratulieren recht herzlich und w\u00fcnschen allzeit gutes Gelingen bei den zu bew\u00e4ltigenden Aufgaben und Eins\u00e4tzen!<\/p><\/div>\n<p> <a class=\"mh-excerpt-more\" href=\"https:\/\/www.ffw-berg.de\/wordpress\/marco-kolbinger-wird-neuer-leiter-der-ug-oeel-hof-land\/\" title=\"Marco Kolbinger ist neuer Leiter der UG-\u00d6EL Hof-Land\">[  Mehr &gt;&gt; ]<\/a><\/p>\n","protected":false},"author":2,"featured_media":2741,"comment_status":"closed","ping_status":"open","sticky":false,"template":"","format":"standard","meta":{"footnotes":""},"categories":[47],"tags":[],"class_list":{"0":"post-2740","1":"post","2":"type-post","3":"status-publish","4":"format-standard","5":"has-post-thumbnail","7":"category-ehrungen"},"_links":{"self":[{"href":"https:\/\/www.ffw-berg.de\/wordpress\/wp-json\/wp\/v2\/posts\/2740","targetHints":{"allow":["GET"]}}],"collection":[{"href":"https:\/\/www.ffw-berg.de\/wordpress\/wp-json\/wp\/v2\/posts"}],"about":[{"href":"https:\/\/www.ffw-berg.de\/wordpress\/wp-json\/wp\/v2\/types\/post"}],"author":[{"embeddable":true,"href":"https:\/\/www.ffw-berg.de\/wordpress\/wp-json\/wp\/v2\/users\/2"}],"replies":[{"embeddable":true,"href":"https:\/\/www.ffw-berg.de\/wordpress\/wp-json\/wp\/v2\/comments?post=2740"}],"version-history":[{"count":0,"href":"https:\/\/www.ffw-berg.de\/wordpress\/wp-json\/wp\/v2\/posts\/2740\/revisions"}],"wp:featuredmedia":[{"embeddable":true,"href":"https:\/\/www.ffw-berg.de\/wordpress\/wp-json\/wp\/v2\/media\/2741"}],"wp:attachment":[{"href":"https:\/\/www.ffw-berg.de\/wordpress\/wp-json\/wp\/v2\/media?parent=2740"}],"wp:term":[{"taxonomy":"category","embeddable":true,"href":"https:\/\/www.ffw-berg.de\/wordpress\/wp-json\/wp\/v2\/categories?post=2740"},{"taxonomy":"post_tag","embeddable":true,"href":"https:\/\/www.ffw-berg.de\/wordpress\/wp-json\/wp\/v2\/tags?post=2740"}],"curies":[{"name":"wp","href":"https:\/\/api.w.org\/{rel}","templated":true}]}}