{"id":277,"date":"2011-06-02T10:00:11","date_gmt":"2011-06-02T08:00:11","guid":{"rendered":"http:\/\/www.ffw-berg.de\/wordpress\/?page_id=277"},"modified":"2018-12-29T15:31:40","modified_gmt":"2018-12-29T14:31:40","slug":"unser-himmelfahrtsmarsch-2011","status":"publish","type":"post","link":"https:\/\/www.ffw-berg.de\/wordpress\/unser-himmelfahrtsmarsch-2011\/","title":{"rendered":"Unser Himmelfahrtsmarsch 2011"},"content":{"rendered":"\n<h2 class=\"wp-block-heading\">Von Berg \u00fcber Neuhaus nach Rothenb\u00fcrg, Selbitz, Rodesgr\u00fcn nach Rothleiten <span style=\"color: #800000; font-family: arial, helvetica, sans-serif;\"><\/span><\/h2>\n\n\n\n<div class=\"wp-block-image\"><figure class=\"alignright\"><a href=\"http:\/\/www.ffw-berg.de\/wordpress\/?attachment_id=281\"><img loading=\"lazy\" decoding=\"async\" width=\"300\" height=\"225\" src=\"http:\/\/www.ffw-berg.de\/wordpress\/wp-content\/uploads\/2012\/09\/vatertag2011-300x225.jpg\" alt=\"\" class=\"wp-image-281\" srcset=\"https:\/\/www.ffw-berg.de\/wordpress\/wp-content\/uploads\/2012\/09\/vatertag2011-300x225.jpg 300w, https:\/\/www.ffw-berg.de\/wordpress\/wp-content\/uploads\/2012\/09\/vatertag2011-120x90.jpg 120w, https:\/\/www.ffw-berg.de\/wordpress\/wp-content\/uploads\/2012\/09\/vatertag2011-326x245.jpg 326w, https:\/\/www.ffw-berg.de\/wordpress\/wp-content\/uploads\/2012\/09\/vatertag2011-80x60.jpg 80w, https:\/\/www.ffw-berg.de\/wordpress\/wp-content\/uploads\/2012\/09\/vatertag2011-530x397.jpg 530w, https:\/\/www.ffw-berg.de\/wordpress\/wp-content\/uploads\/2012\/09\/vatertag2011.jpg 576w\" sizes=\"auto, (max-width: 300px) 100vw, 300px\" \/><\/a><figcaption><a href=\"http:\/\/www.ffw-berg.de\/wordpress\/?attachment_id=281\"><\/a> <span style=\"font-family: arial, helvetica, sans-serif; font-size: 12px;\">Hof-Fest Tutsch in Rothenb\u00fcrg<\/span><\/figcaption><\/figure><\/div>\n\n\n\n<p>Unser diesj\u00e4hriger Marsch f\u00fchrte uns vom Feuerwehrger\u00e4tehaus Berg \u00fcber die Streuobstwiesen bei Neuhaus zum Sportplatz bei der Christusbruderschaft (Selbitz). Von dort zum &#8222;Hof-Fest&#8220; Tutsch nach Rothenb\u00fcrg. <span style=\"font-family: arial, helvetica, sans-serif; font-size: 14px;\"><\/span><\/p>\n\n\n\n<p>Nach dem Mittagessen lief die Marschgruppe \u00fcber Selbitz nach Rodesgr\u00fcn mit kurzem Halt beim Gasthaus Wei\u00df. Der letzte Streckenabschnitt ging \u00fcber Kohlb\u00fchl nach Rothleiten zum Wanderheim, wo wir den sonnigen Tag beim Grillen ausklingen lie\u00dfen. <span style=\"font-family: arial, helvetica, sans-serif; font-size: 14px;\"><\/span><\/p>\n\n\n\n<p>Dort beendete auch die Damengruppe ihre Wanderung, die von Berg \u00fcber Reitzenstein, Issigau, H\u00f6lle nach Lichtenberg f\u00fchrte. Dort wurden sie nach anspruchsvoller Wegstrecke durch unseren MTW abgeholt. <span style=\"font-family: arial, helvetica, sans-serif; font-size: 14px;\"><\/span><\/p>\n\n\n\n<hr class=\"wp-block-separator is-style-wide\"\/>\n\n\n\n<h4 class=\"wp-block-heading\" style=\"text-align:center\">Alle Bilder von unserem Marsch in unserem Album bei <span style=\"color: #800000; font-family: arial, helvetica, sans-serif;\"><\/span><\/h4>\n\n\n\n<figure class=\"wp-block-embed is-type-rich is-provider-google-photos\"><div class=\"wp-block-embed__wrapper\">\n<blockquote class=\"embedly-card\" data-card-controls=\"0\" data-card-align=\"center\" data-card-theme=\"light\"><h4><a href=\"https:\/\/goo.gl\/photos\/QXBcDtdgLBJfXVKU9\">No Title<\/a><\/h4><p>No Description<\/p><\/blockquote><script async src=\"\/\/cdn.embedly.com\/widgets\/platform.js\" charset=\"UTF-8\"><\/script>\n<\/div><\/figure>\n","protected":false},"excerpt":{"rendered":"<div class=\"mh-excerpt\">Unser Marsch f\u00fchrte uns vom Feuerwehrger\u00e4tehaus Berg \u00fcber die Streuobstwiesen bei Neuhaus zum Sportplatz bei der Christusbruderschaft (Selbitz) und von dort zum &#8222;Hof-Fest&#8220; Tutsch nach Rothenb\u00fcrg. \u00dcber Selbitz und Rodesgr\u00fcn gings nach Rothleiten.<\/div>\n<p> <a class=\"mh-excerpt-more\" href=\"https:\/\/www.ffw-berg.de\/wordpress\/unser-himmelfahrtsmarsch-2011\/\" title=\"Unser Himmelfahrtsmarsch 2011\">[  Mehr &gt;&gt; ]<\/a><\/p>\n","protected":false},"author":2,"featured_media":281,"comment_status":"closed","ping_status":"open","sticky":false,"template":"","format":"standard","meta":{"footnotes":""},"categories":[18],"tags":[],"class_list":{"0":"post-277","1":"post","2":"type-post","3":"status-publish","4":"format-standard","5":"has-post-thumbnail","7":"category-himmelfahrt"},"_links":{"self":[{"href":"https:\/\/www.ffw-berg.de\/wordpress\/wp-json\/wp\/v2\/posts\/277","targetHints":{"allow":["GET"]}}],"collection":[{"href":"https:\/\/www.ffw-berg.de\/wordpress\/wp-json\/wp\/v2\/posts"}],"about":[{"href":"https:\/\/www.ffw-berg.de\/wordpress\/wp-json\/wp\/v2\/types\/post"}],"author":[{"embeddable":true,"href":"https:\/\/www.ffw-berg.de\/wordpress\/wp-json\/wp\/v2\/users\/2"}],"replies":[{"embeddable":true,"href":"https:\/\/www.ffw-berg.de\/wordpress\/wp-json\/wp\/v2\/comments?post=277"}],"version-history":[{"count":0,"href":"https:\/\/www.ffw-berg.de\/wordpress\/wp-json\/wp\/v2\/posts\/277\/revisions"}],"wp:featuredmedia":[{"embeddable":true,"href":"https:\/\/www.ffw-berg.de\/wordpress\/wp-json\/wp\/v2\/media\/281"}],"wp:attachment":[{"href":"https:\/\/www.ffw-berg.de\/wordpress\/wp-json\/wp\/v2\/media?parent=277"}],"wp:term":[{"taxonomy":"category","embeddable":true,"href":"https:\/\/www.ffw-berg.de\/wordpress\/wp-json\/wp\/v2\/categories?post=277"},{"taxonomy":"post_tag","embeddable":true,"href":"https:\/\/www.ffw-berg.de\/wordpress\/wp-json\/wp\/v2\/tags?post=277"}],"curies":[{"name":"wp","href":"https:\/\/api.w.org\/{rel}","templated":true}]}}