{"id":2786,"date":"2014-06-14T15:30:24","date_gmt":"2014-06-14T13:30:24","guid":{"rendered":"http:\/\/www.ffw-berg.de\/wordpress\/?page_id=2786"},"modified":"2019-06-21T16:59:30","modified_gmt":"2019-06-21T14:59:30","slug":"schauuebung-2014","status":"publish","type":"post","link":"https:\/\/www.ffw-berg.de\/wordpress\/schauuebung-2014\/","title":{"rendered":"Schau\u00fcbung 2014"},"content":{"rendered":"\n<h2 class=\"wp-block-heading\">Eindrucksvolles \u00dcbungsszenario in Berg<span style=\"color: #ff0000;\"><\/span><\/h2>\n\n\n\n<p>Gute Wetterbedingungen herrschten am Samstag zur \u00dcbung an der neuen Getreidetrocknungsanlage der VR-Bank Fichtelgebirge am Lerchenb\u00fchl in Berg.<\/p>\n\n\n\n<figure class=\"wp-block-image\"><img loading=\"lazy\" decoding=\"async\" width=\"1024\" height=\"768\" src=\"https:\/\/www.ffw-berg.de\/wordpress\/wp-content\/uploads\/2019\/06\/schauuebung2014-1024x768.jpg\" alt=\"schauuebung2014\" class=\"wp-image-215014\"\/><figcaption>\u00dcbungslage an der Getreidetrocknung<\/figcaption><\/figure>\n\n\n\n<p>Angenommen wurde ein Brand in der Anlage mit mehreren vermissten Personen. Nach Alarm um 15.30 Uhr trafen alle Wehren und die BRK-Bereitschaft Berg sehr rasch am Einsatzort ein. W\u00e4hrend der Lagebesprechung machte sich bereits eine Person hoch oben auf der Anlage bemerkbar, die anschlie\u00dfend \u00fcber die drehleiter der FF Naila gerettet wurde.  PA-Trupps der FF Berg suchten derweil im Geb\u00e4ude nach Vermissten und retten diese aus dem Gefahrenbereich. <\/p>\n\n\n\n<p>Die L\u00f6schwasserversorgung f\u00fcr die Fahrzeuge und die Drehleiter wurde von den eingespielten Wehren des Berger Winkel \u00fcber eine 620m lange Schlauchstrecke vom L\u00f6schwasserbeh\u00e4lter am Autohof Berg zur Anlage schnell sichergestellt. Gegen 16.00 Uhr war \u00dcbungsende. <span style=\"font-family: arial, helvetica, sans-serif; font-size: 14px;\"><\/span><\/p>\n\n\n\n<p style=\"text-align:center\">Wir danken der VR-Bank mit ihren Mitarbeitern f\u00fcr die Genehmigung zur \u00dcbung und die gute Zusammenarbeit! <span style=\"font-family: arial, helvetica, sans-serif; font-size: 14px;\"><\/span><\/p>\n\n\n\n<h4 class=\"wp-block-heading\" style=\"text-align:center\">Alle Bilder von unserer \u00dcbung in unserem Album bei<span style=\"color: #ff0000;\"><\/span><\/h4>\n\n\n\n<figure class=\"wp-block-embed\"><div class=\"wp-block-embed__wrapper\">\n<blockquote class=\"embedly-card\" data-card-controls=\"0\" data-card-align=\"center\" data-card-theme=\"light\"><h4><a href=\"https:\/\/goo.gl\/photos\/YRRPd7gjLujtjFhz5\">No Title<\/a><\/h4><p>No Description<\/p><\/blockquote><script async src=\"\/\/cdn.embedly.com\/widgets\/platform.js\" charset=\"UTF-8\"><\/script>\n<\/div><\/figure>\n","protected":false},"excerpt":{"rendered":"<div class=\"mh-excerpt\">Gute Wetterbedingungen herrschten am Samstag zur \u00dcbung an der neuen Getreidetrocknungsanlage der VR-Bank Fichtelgebirge am Lerchenb\u00fchl in Berg.<br \/>\nAngenommen wurde ein Brand in der Anlage mit mehreren vermissten Personen.<\/div>\n<p> <a class=\"mh-excerpt-more\" href=\"https:\/\/www.ffw-berg.de\/wordpress\/schauuebung-2014\/\" title=\"Schau\u00fcbung 2014\">[  Mehr &gt;&gt; ]<\/a><\/p>\n","protected":false},"author":2,"featured_media":215014,"comment_status":"closed","ping_status":"open","sticky":false,"template":"","format":"standard","meta":{"footnotes":""},"categories":[748],"tags":[],"class_list":{"0":"post-2786","1":"post","2":"type-post","3":"status-publish","4":"format-standard","5":"has-post-thumbnail","7":"category-schauuebung"},"_links":{"self":[{"href":"https:\/\/www.ffw-berg.de\/wordpress\/wp-json\/wp\/v2\/posts\/2786","targetHints":{"allow":["GET"]}}],"collection":[{"href":"https:\/\/www.ffw-berg.de\/wordpress\/wp-json\/wp\/v2\/posts"}],"about":[{"href":"https:\/\/www.ffw-berg.de\/wordpress\/wp-json\/wp\/v2\/types\/post"}],"author":[{"embeddable":true,"href":"https:\/\/www.ffw-berg.de\/wordpress\/wp-json\/wp\/v2\/users\/2"}],"replies":[{"embeddable":true,"href":"https:\/\/www.ffw-berg.de\/wordpress\/wp-json\/wp\/v2\/comments?post=2786"}],"version-history":[{"count":0,"href":"https:\/\/www.ffw-berg.de\/wordpress\/wp-json\/wp\/v2\/posts\/2786\/revisions"}],"wp:featuredmedia":[{"embeddable":true,"href":"https:\/\/www.ffw-berg.de\/wordpress\/wp-json\/wp\/v2\/media\/215014"}],"wp:attachment":[{"href":"https:\/\/www.ffw-berg.de\/wordpress\/wp-json\/wp\/v2\/media?parent=2786"}],"wp:term":[{"taxonomy":"category","embeddable":true,"href":"https:\/\/www.ffw-berg.de\/wordpress\/wp-json\/wp\/v2\/categories?post=2786"},{"taxonomy":"post_tag","embeddable":true,"href":"https:\/\/www.ffw-berg.de\/wordpress\/wp-json\/wp\/v2\/tags?post=2786"}],"curies":[{"name":"wp","href":"https:\/\/api.w.org\/{rel}","templated":true}]}}