{"id":2817,"date":"2014-06-28T20:00:41","date_gmt":"2014-06-28T18:00:41","guid":{"rendered":"http:\/\/www.ffw-berg.de\/wordpress\/?page_id=2817"},"modified":"2018-01-25T08:28:14","modified_gmt":"2018-01-25T07:28:14","slug":"elm-2014-in-sparneck-oberfranken-start-zum-franken-cup","status":"publish","type":"post","link":"https:\/\/www.ffw-berg.de\/wordpress\/elm-2014-in-sparneck-oberfranken-start-zum-franken-cup\/","title":{"rendered":"ELM 2014 in Sparneck \/ Oberfranken &#8211; Start zum Franken-Cup"},"content":{"rendered":"<h3><span style=\"color: #800000; font-family: arial, helvetica, sans-serif;\">Die Teams der FF Berg erk\u00e4mpfen einen sehr guten 4. und 9. Platz &#8211; Start der Franken-Cup-Titelverteidigung<\/span><\/h3>\n<figure id=\"attachment_2823\" aria-describedby=\"caption-attachment-2823\" style=\"width: 300px\" class=\"wp-caption alignright\"><a href=\"http:\/\/www.ffw-berg.de\/wordpress\/wp-content\/uploads\/2014\/07\/Berg-Frankenpokal-e1404339287163.jpg\"><img loading=\"lazy\" decoding=\"async\" class=\"wp-image-2823 size-medium\" src=\"http:\/\/www.ffw-berg.de\/wordpress\/wp-content\/uploads\/2014\/07\/Berg-Frankenpokal-e1404339287163-300x260.jpg\" alt=\"Team Berg ELM 2014 Sparneck\" width=\"300\" height=\"260\" srcset=\"https:\/\/www.ffw-berg.de\/wordpress\/wp-content\/uploads\/2014\/07\/Berg-Frankenpokal-e1404339287163-300x260.jpg 300w, https:\/\/www.ffw-berg.de\/wordpress\/wp-content\/uploads\/2014\/07\/Berg-Frankenpokal-e1404339287163-120x104.jpg 120w, https:\/\/www.ffw-berg.de\/wordpress\/wp-content\/uploads\/2014\/07\/Berg-Frankenpokal-e1404339287163-288x250.jpg 288w, https:\/\/www.ffw-berg.de\/wordpress\/wp-content\/uploads\/2014\/07\/Berg-Frankenpokal-e1404339287163-530x460.jpg 530w, https:\/\/www.ffw-berg.de\/wordpress\/wp-content\/uploads\/2014\/07\/Berg-Frankenpokal-e1404339287163.jpg 547w\" sizes=\"auto, (max-width: 300px) 100vw, 300px\" \/><\/a><figcaption id=\"caption-attachment-2823\" class=\"wp-caption-text\"><span style=\"font-family: arial, helvetica, sans-serif;\">Die Berger Mannschaft nach dem Wettbewerb mit der Kopie des Franken-Cup Wanderpokals sowie den Verantwortlichen und Landrat Oliver B\u00e4r &#8211; Quelle Foto: FF Sparneck<\/span><\/figcaption><\/figure>\n<p><span style=\"font-family: arial, helvetica, sans-serif; font-size: 14px;\">Auszug aus dem Bericht von Andreas Henschel, KFV Hof<\/span><\/p>\n<p style=\"text-align: justify;\"><span style=\"font-family: arial, helvetica, sans-serif; font-size: 14px;\">Der 14. Bezirks-Erwachsenenleistungsmarsch fand am 28.06.2014 in Sparneck anl\u00e4sslich des 150-j\u00e4hrigen Bestehens der \u00f6rtlichen Feuerwehr statt. 92 Teilnehmergruppen aus Oberfranken, davon 18 aus dem Landkreis Hof und 7 Gruppen aus Unter- bzw. Mittelfranken nahmen hieran teil. Insgesamt fanden 396 Teilnehmerinnen und Teilnehmer sowie ca. 100 Schiedsrichter den Weg in die Waldsteingemeinde. Bei der Organisation der Veranstaltung wurden die Kameradinnen und Kameraden der FF Sparneck von den Fachbereichsleitern Wettbewerbe des Bezirksfeuerwehrverbandes Oberfranken unterst\u00fctzt.<\/span><\/p>\n<p style=\"text-align: justify;\"><span style=\"font-family: arial, helvetica, sans-serif; font-size: 14px;\">Nach einem beeindruckenden Einmarsch aller Teilnehmer ins Festzelt konnte der Vorsitzende des Bezirksfeuerwehrverbandes Oberfranken, KBR Hermann Schreck, die Gruppen auf die ca. 7,5 km lange Strecke schicken.<\/span><\/p>\n<p style=\"text-align: justify;\"><span style=\"font-family: arial, helvetica, sans-serif; font-size: 14px;\">[&#8230;]<\/span><\/p>\n<p style=\"text-align: justify;\"><span style=\"font-family: arial, helvetica, sans-serif; font-size: 14px;\"><strong>Dar\u00fcber hinaus konnte die FF Berg eine Kopie des Frankenpokals, den sie als Wanderpokal wieder abgeben muss, in Empfang nehmen.<\/strong><\/span><\/p>\n<p><span style=\"font-family: arial, helvetica, sans-serif; font-size: 14px;\">Den ganzen Bericht <a title=\"Zur Homepage\" href=\"http:\/\/www.feuerwehr-sparneck.de\/bilder-berichte-2014-01.html\" target=\"_blank\" rel=\"noopener\"><strong>hier lesen\u00a0<\/strong> <\/a><\/span><\/p>\n<p>&nbsp;<\/p>\n<h4 style=\"padding-left: 60px;\"><span style=\"text-decoration: underline;\"><span style=\"font-family: arial, helvetica, sans-serif; font-size: 14px; color: #800000; text-decoration: underline;\">Ergebnisse:<\/span><\/span><\/h4>\n<p style=\"padding-left: 60px;\"><span style=\"font-family: arial, helvetica, sans-serif; font-size: 14px;\">1. Weismain (LIF)<\/span><br \/>\n<span style=\"font-family: arial, helvetica, sans-serif; font-size: 14px;\"> 2. P\u00f6delsdorf 1 (BA-L)<\/span><br \/>\n<span style=\"font-family: arial, helvetica, sans-serif; font-size: 14px;\"> 3. Sparneck (HO-L)<\/span><br \/>\n<span style=\"color: #ff0000; font-family: arial, helvetica, sans-serif; font-size: 14px;\"> <strong>4. Berg 1 (HO-L)<\/strong><\/span><br \/>\n<span style=\"font-family: arial, helvetica, sans-serif; font-size: 14px;\"> 5. Wallenstadt 2 (LIF)<\/span><br \/>\n<span style=\"font-family: arial, helvetica, sans-serif; font-size: 14px;\"> 6. Uetzing (LIF)<\/span><br \/>\n<span style=\"font-family: arial, helvetica, sans-serif; font-size: 14px;\"> 7. Wiesengiech-Starkenschwind (BA-L)<\/span><br \/>\n<span style=\"font-family: arial, helvetica, sans-serif; font-size: 14px;\"> 8. Dormitz (FO)<\/span><br \/>\n<span style=\"color: #ff0000; font-family: arial, helvetica, sans-serif; font-size: 14px;\"> <strong>9. Berg 2 (HO-L)<\/strong><\/span><br \/>\n<span style=\"font-family: arial, helvetica, sans-serif; font-size: 14px;\"> 10. Abteilung St. Georgen (BT-S)<\/span><\/p>\n<p style=\"padding-left: 60px;\"><span style=\"font-family: arial, helvetica, sans-serif; font-size: 14px;\">Pl\u00e4tze 1 und 2 waren Punktgleich mit 10 Gesamtfehlerpunkten, Weismain war 26 Sekunden schneller. Hier wurde die Gesamtzeit aller \u00dcbungen zusammengez\u00e4hlt.<\/span><\/p>\n<p style=\"padding-left: 60px;\"><span style=\"font-family: arial, helvetica, sans-serif; font-size: 14px;\">Pl\u00e4tze 3 und 4 waren ebenfalls mit 20 Fehlern punktgleich. Hier war Sparneck 11 Sekunden schneller.<\/span><\/p>\n<h4><span style=\"color: #800000;\"><span style=\"font-family: arial, helvetica, sans-serif;\">Mehr Berichte, Bilder und Siegerlisten finden Sie hie<\/span>r:<\/span><\/h4>\n<ul>\n<li><span style=\"font-family: arial, helvetica, sans-serif; font-size: 14px;\">Bericht und Bilder der FF Sparneck<strong> <a title=\"Zur Homepage\" href=\"http:\/\/www.feuerwehr-sparneck.de\/bilder-berichte-2014-01.html\" target=\"_blank\" rel=\"noopener\">hier<\/a><\/strong><\/span><\/li>\n<li><span style=\"font-family: arial, helvetica, sans-serif; font-size: 14px;\">Bericht und Bilder des KFV Hof <a title=\"Zur Homepage\" href=\"http:\/\/www.kfv-hof.de\/elm-sparneck.html\" target=\"_blank\" rel=\"noopener\"><strong>hier<\/strong><\/a><\/span><\/li>\n<li><span style=\"font-family: arial, helvetica, sans-serif; font-size: 14px;\">Bericht und Bilder des BFV Oberfranken <a title=\"Zur Homepage des BFV Ofr.\" href=\"http:\/\/wordpress.smokeandfire.de\/2014\/06\/29\/14-erwachsenenleistungsmarsch-mit-10-bezirksfeuerwehrtag-in-sparneck\/\" target=\"_blank\" rel=\"noopener\"><strong>hier<\/strong><\/a><\/span><\/li>\n<li><span style=\"font-family: arial, helvetica, sans-serif; font-size: 14px;\">Bericht der Frankenpost <em>&#8222;Fitte Feuerwehrleute<\/em>&#8220; vom 30.06.14 <a title=\"Zum Bericht der Frankenpost\" href=\"http:\/\/www.frankenpost.de\/lokal\/hofrehau\/hof-land\/Fitte-Feuerwehrleute;art2438,3435621\" target=\"_blank\" rel=\"noopener\"><strong>hier<\/strong><\/a><\/span><\/li>\n<li><span style=\"font-family: arial, helvetica, sans-serif; font-size: 14px;\">Bildergalerie (75 Bilder) der Frankenpost zum o.g. Artikel <a title=\"Zur Bildergalerie der Frankenpost (75 Bilder)\" href=\"http:\/\/www.frankenpost.de\/lokal\/hofrehau\/hof-land\/Fitte-Feuerwehrleute;art2438,3435621\" target=\"_blank\" rel=\"noopener\"><strong>hier<\/strong><\/a><\/span><\/li>\n<\/ul>\n","protected":false},"excerpt":{"rendered":"<div class=\"mh-excerpt\"><strong><span style=\"font-family: arial, helvetica, sans-serif; font-size: 14px;\">Die Teams der FF Berg erk\u00e4mpfen einen sehr guten 4. und 9. Platz \u2013 Start der Franken-Cup-Titelverteidigung<\/span><\/strong><\/p>\n<p><span style=\"font-family: arial, helvetica, sans-serif; font-size: 14px;\">Auszug aus dem Bericht von Andreas Henschel, KFV Hof.<\/span><span style=\"font-size: 14px;\"><br \/>\n<\/span><\/div>\n<p> <a class=\"mh-excerpt-more\" href=\"https:\/\/www.ffw-berg.de\/wordpress\/elm-2014-in-sparneck-oberfranken-start-zum-franken-cup\/\" title=\"ELM 2014 in Sparneck \/ Oberfranken &#8211; Start zum Franken-Cup\">[  Mehr &gt;&gt; ]<\/a><\/p>\n","protected":false},"author":2,"featured_media":2823,"comment_status":"closed","ping_status":"open","sticky":false,"template":"","format":"standard","meta":{"footnotes":""},"categories":[658],"tags":[],"class_list":{"0":"post-2817","1":"post","2":"type-post","3":"status-publish","4":"format-standard","5":"has-post-thumbnail","7":"category-elm"},"_links":{"self":[{"href":"https:\/\/www.ffw-berg.de\/wordpress\/wp-json\/wp\/v2\/posts\/2817","targetHints":{"allow":["GET"]}}],"collection":[{"href":"https:\/\/www.ffw-berg.de\/wordpress\/wp-json\/wp\/v2\/posts"}],"about":[{"href":"https:\/\/www.ffw-berg.de\/wordpress\/wp-json\/wp\/v2\/types\/post"}],"author":[{"embeddable":true,"href":"https:\/\/www.ffw-berg.de\/wordpress\/wp-json\/wp\/v2\/users\/2"}],"replies":[{"embeddable":true,"href":"https:\/\/www.ffw-berg.de\/wordpress\/wp-json\/wp\/v2\/comments?post=2817"}],"version-history":[{"count":0,"href":"https:\/\/www.ffw-berg.de\/wordpress\/wp-json\/wp\/v2\/posts\/2817\/revisions"}],"wp:featuredmedia":[{"embeddable":true,"href":"https:\/\/www.ffw-berg.de\/wordpress\/wp-json\/wp\/v2\/media\/2823"}],"wp:attachment":[{"href":"https:\/\/www.ffw-berg.de\/wordpress\/wp-json\/wp\/v2\/media?parent=2817"}],"wp:term":[{"taxonomy":"category","embeddable":true,"href":"https:\/\/www.ffw-berg.de\/wordpress\/wp-json\/wp\/v2\/categories?post=2817"},{"taxonomy":"post_tag","embeddable":true,"href":"https:\/\/www.ffw-berg.de\/wordpress\/wp-json\/wp\/v2\/tags?post=2817"}],"curies":[{"name":"wp","href":"https:\/\/api.w.org\/{rel}","templated":true}]}}