{"id":285,"date":"2012-05-17T10:00:05","date_gmt":"2012-05-17T08:00:05","guid":{"rendered":"http:\/\/www.ffw-berg.de\/wordpress\/?page_id=285"},"modified":"2018-12-29T15:38:48","modified_gmt":"2018-12-29T14:38:48","slug":"unser-himmelfahrtsmarsch-2012","status":"publish","type":"post","link":"https:\/\/www.ffw-berg.de\/wordpress\/unser-himmelfahrtsmarsch-2012\/","title":{"rendered":"Unser Himmelfahrtsmarsch 2012"},"content":{"rendered":"\n<h3 class=\"mceTemp wp-block-heading\">Von Bad Steben \u00fcber Zeigelwaidt, Muschwitztal und Rennsteinweg, Blechschiedenhammer, H\u00f6llental, Blankenstein, Blankenberg nach Eisenb\u00fchl<\/h3>\n\n\n\n<div class=\"wp-block-image\"><figure class=\"alignright\"><a href=\"http:\/\/www.ffw-berg.de\/wordpress\/?attachment_id=290\"><img loading=\"lazy\" decoding=\"async\" width=\"300\" height=\"225\" src=\"http:\/\/www.ffw-berg.de\/wordpress\/wp-content\/uploads\/2012\/09\/vatertag2012-300x225.jpg\" alt=\"\" class=\"wp-image-290\" srcset=\"https:\/\/www.ffw-berg.de\/wordpress\/wp-content\/uploads\/2012\/09\/vatertag2012-300x225.jpg 300w, https:\/\/www.ffw-berg.de\/wordpress\/wp-content\/uploads\/2012\/09\/vatertag2012-120x90.jpg 120w, https:\/\/www.ffw-berg.de\/wordpress\/wp-content\/uploads\/2012\/09\/vatertag2012-326x245.jpg 326w, https:\/\/www.ffw-berg.de\/wordpress\/wp-content\/uploads\/2012\/09\/vatertag2012-80x60.jpg 80w, https:\/\/www.ffw-berg.de\/wordpress\/wp-content\/uploads\/2012\/09\/vatertag2012-530x397.jpg 530w, https:\/\/www.ffw-berg.de\/wordpress\/wp-content\/uploads\/2012\/09\/vatertag2012.jpg 576w\" sizes=\"auto, (max-width: 300px) 100vw, 300px\" \/><\/a><figcaption><a href=\"http:\/\/www.ffw-berg.de\/wordpress\/?attachment_id=290\"><\/a> Auf dem Saaletalweg bei Blankenstein<\/figcaption><\/figure><\/div>\n\n\n\n<p>Unser diesj\u00e4hrige Himmelfahrtsmarsch startete bei idealem Wetter in Bad Steben. Von dort gings \u00fcber den Pavillion oberhalb der Humbold-Klinik nach Zeigelwaidt zur Brotzeit. <span style=\"font-family: arial, helvetica, sans-serif; font-size: 14px;\"><\/span><\/p>\n\n\n\n<p>Danach wanderten wir durch den Wald hinunter ins Muschwitztal an die bayerisch-th\u00fcrinigsche Grenze, von wo aus wir auf dem Rennsteigweg, hier dem alten Plattenweg der Grenzpatroullien der Ex-DDR, \u00fcber Blech-schmiedenhammer zum Gasthof &#8222;Sommerfrische&#8220; zur Mittagspause im H\u00f6llental liefen.\u00a0Anschlie\u00dfend f\u00fchrte der Weg \u00fcber Blankenstein nach Blankenberg auf dem Saaletalweg. Weiter auf dem Patroullienweg zur Blumenau-M\u00fchle mit kurzem Abstecher auf die Aussichtsplattform &#8222;Wachh\u00fcgel&#8220;. <span style=\"font-family: arial, helvetica, sans-serif; font-size: 14px;\"><\/span><\/p>\n\n\n\n<p>Nach einer spontanen Besichtigung des Wasserkraftwerkes, ging es von der Blumenau-M\u00fchle \u00fcber den Gupfen nach Eisenb\u00fchl, dem Ziel der Wanderung.\u00a0Dort kamen wir nach rund 19 Km p\u00fcnktlich gegen 17.30 Uhr zum gemeinsamen Abendessen an und lie\u00dfen den Tag ausklingen. <span style=\"font-family: arial, helvetica, sans-serif; font-size: 14px;\"><\/span><\/p>\n\n\n\n<hr class=\"wp-block-separator is-style-wide\"\/>\n\n\n\n<h4 class=\"wp-block-heading\" style=\"text-align:center\">Alle Bilder von unserem Marsch in unserem Album bei <span style=\"color: #800000; font-family: arial, helvetica, sans-serif;\"><\/span><\/h4>\n\n\n\n<figure class=\"wp-block-embed is-type-rich is-provider-google-photos\"><div class=\"wp-block-embed__wrapper\">\n<blockquote class=\"embedly-card\" data-card-controls=\"0\" data-card-align=\"center\" data-card-theme=\"light\"><h4><a href=\"https:\/\/goo.gl\/photos\/yQw8ixon2cxxKr1d9\">No Title<\/a><\/h4><p>No Description<\/p><\/blockquote><script async src=\"\/\/cdn.embedly.com\/widgets\/platform.js\" charset=\"UTF-8\"><\/script>\n<\/div><\/figure>\n","protected":false},"excerpt":{"rendered":"<div class=\"mh-excerpt\">Unsere Wanderung f\u00fchrte von Bad Steben \u00fcber Zeigelwaidt, dem Muschwitztal und den Rennsteinweg, Blechschiedenhammer, das  H\u00f6llental, Blankenstein, Blankenberg \u00fcber die Blumenau-M\u00fchle nach Eisenb\u00fchl<\/div>\n<p> <a class=\"mh-excerpt-more\" href=\"https:\/\/www.ffw-berg.de\/wordpress\/unser-himmelfahrtsmarsch-2012\/\" title=\"Unser Himmelfahrtsmarsch 2012\">[  Mehr &gt;&gt; ]<\/a><\/p>\n","protected":false},"author":2,"featured_media":290,"comment_status":"closed","ping_status":"open","sticky":false,"template":"","format":"standard","meta":{"footnotes":""},"categories":[18],"tags":[],"class_list":{"0":"post-285","1":"post","2":"type-post","3":"status-publish","4":"format-standard","5":"has-post-thumbnail","7":"category-himmelfahrt"},"_links":{"self":[{"href":"https:\/\/www.ffw-berg.de\/wordpress\/wp-json\/wp\/v2\/posts\/285","targetHints":{"allow":["GET"]}}],"collection":[{"href":"https:\/\/www.ffw-berg.de\/wordpress\/wp-json\/wp\/v2\/posts"}],"about":[{"href":"https:\/\/www.ffw-berg.de\/wordpress\/wp-json\/wp\/v2\/types\/post"}],"author":[{"embeddable":true,"href":"https:\/\/www.ffw-berg.de\/wordpress\/wp-json\/wp\/v2\/users\/2"}],"replies":[{"embeddable":true,"href":"https:\/\/www.ffw-berg.de\/wordpress\/wp-json\/wp\/v2\/comments?post=285"}],"version-history":[{"count":0,"href":"https:\/\/www.ffw-berg.de\/wordpress\/wp-json\/wp\/v2\/posts\/285\/revisions"}],"wp:featuredmedia":[{"embeddable":true,"href":"https:\/\/www.ffw-berg.de\/wordpress\/wp-json\/wp\/v2\/media\/290"}],"wp:attachment":[{"href":"https:\/\/www.ffw-berg.de\/wordpress\/wp-json\/wp\/v2\/media?parent=285"}],"wp:term":[{"taxonomy":"category","embeddable":true,"href":"https:\/\/www.ffw-berg.de\/wordpress\/wp-json\/wp\/v2\/categories?post=285"},{"taxonomy":"post_tag","embeddable":true,"href":"https:\/\/www.ffw-berg.de\/wordpress\/wp-json\/wp\/v2\/tags?post=285"}],"curies":[{"name":"wp","href":"https:\/\/api.w.org\/{rel}","templated":true}]}}