{"id":470,"date":"2010-01-09T15:00:47","date_gmt":"2010-01-09T14:00:47","guid":{"rendered":"http:\/\/www.ffw-berg.de\/wordpress\/?page_id=470"},"modified":"2018-12-30T13:44:20","modified_gmt":"2018-12-30T12:44:20","slug":"20-jahre-feuerwehrfreundschaft-ff-berg-ff-hirschbergsaale","status":"publish","type":"post","link":"https:\/\/www.ffw-berg.de\/wordpress\/20-jahre-feuerwehrfreundschaft-ff-berg-ff-hirschbergsaale\/","title":{"rendered":"20 Jahre Feuerwehrfreundschaft FF Berg &#8211; FF Hirschberg\/Saale"},"content":{"rendered":"\n<h3 class=\"wp-block-heading\">Die Feuerwehren Berg und Hirschberg\/Saale feierten ihre Freundschaft <span style=\"color: #800000; font-family: arial, helvetica, sans-serif;\"><\/span><\/h3>\n\n\n\n<p>Am 09.01.2010 trafen sich die Mitglieder der beiden Wehren, um gemeinsam die bereits seit 20 Jahren bestehende Freundschaft zu feiern. <span style=\"font-family: arial, helvetica, sans-serif; font-size: 14px;\"><\/span><\/p>\n\n\n\n<p>Nach einer 2-st\u00fcndigen Winterwanderung von Berg \u00fcber Gottsmanngr\u00fcn und Untertiefengr\u00fcn, traf man sich im Ger\u00e4tehaus Hirschberg zum gemeinsamen Abendessen und gem\u00fctlichen Beisammensein. <span style=\"font-family: arial, helvetica, sans-serif; font-size: 14px;\"><\/span><\/p>\n\n\n\n<div class=\"wp-block-image\"><figure class=\"aligncenter\"><img loading=\"lazy\" decoding=\"async\" width=\"650\" height=\"487\" src=\"https:\/\/www.ffw-berg.de\/wordpress\/wp-content\/uploads\/2012\/09\/20-jahre_ff_freunde-e1348307866728.jpg\" alt=\"\" class=\"wp-image-473\" srcset=\"https:\/\/www.ffw-berg.de\/wordpress\/wp-content\/uploads\/2012\/09\/20-jahre_ff_freunde-e1348307866728.jpg 650w, https:\/\/www.ffw-berg.de\/wordpress\/wp-content\/uploads\/2012\/09\/20-jahre_ff_freunde-e1348307866728-120x90.jpg 120w, https:\/\/www.ffw-berg.de\/wordpress\/wp-content\/uploads\/2012\/09\/20-jahre_ff_freunde-e1348307866728-300x225.jpg 300w, https:\/\/www.ffw-berg.de\/wordpress\/wp-content\/uploads\/2012\/09\/20-jahre_ff_freunde-e1348307866728-326x245.jpg 326w, https:\/\/www.ffw-berg.de\/wordpress\/wp-content\/uploads\/2012\/09\/20-jahre_ff_freunde-e1348307866728-80x60.jpg 80w\" sizes=\"auto, (max-width: 650px) 100vw, 650px\" \/><\/figure><\/div>\n\n\n\n<h4 class=\"wp-block-heading\">Geschichtlicher R\u00fcckblick <span style=\"color: #800000; font-family: arial, helvetica, sans-serif; font-size: 14px;\"><\/span><\/h4>\n\n\n\n<p>Nach dem Fall der Mauer und der \u00d6ffnung der Grenze kamen die Feuerwehrkameraden der Freiwilligen Feuerwehr Hirschberg auf den damaligen 1. Kommendanten der Berger Wehr, Manfred Peetz, zu und suchten Verbindung zur Feuerwehr Berg. In dieser Zeit wurden viele kameradschaftliche Verbindungen zwischen Ost- und West-Feuerwehren geschlossen. <span style=\"font-family: arial, helvetica, sans-serif; font-size: 14px;\"><\/span><\/p>\n\n\n\n<p>Am 30.12.1989 fand ein erstes Treffen der beiden Wehren auf der behelfsm\u00e4\u00dfig aufgebauten alten Br\u00fccke \u00fcber die Saale zwischen Untertiefengr\u00fcn und Hirschberg statt. <span style=\"font-family: arial, helvetica, sans-serif; font-size: 14px;\"><\/span><\/p>\n\n\n\n<p>Im Februar 1990 lud die Freiwillige Feuerwehr Berg die Feuerwehrkameraden aus Hirschberg in das neue Feuerwehrger\u00e4tehaus nach Berg ein. Manfred Peetz begr\u00fc\u00dfte die Kameraden beider Wehren und \u00fcberreichte an die Hirschberger ein Strahlrohr aus Porzellan sowie ein Bayernwappen als Erinnerungsgeschenk. <span style=\"font-family: arial, helvetica, sans-serif; font-size: 14px;\"><\/span><\/p>\n\n\n\n<p>Der damalige 1. Kommandant der Hirschberger Wehr, Gerhard Kant, erwiderte den Willkommensgru\u00df und schlug eine enge Kooperation zwischen den beiden Wehren vor. Auch Gerhard Kant \u00fcberreichte ein Gastgeschenkt in Form von Schl\u00fcsselmappen aus der Hirschberger Lederfabrik. Beim gem\u00fctlichen Beisammensein lernte man sich in pers\u00f6nlichen Gespr\u00e4chen n\u00e4her kennen. Dabei wurde von beiden Seiten bekr\u00e4ftigt, dass man die Begegnungen fortsetzen wolle. <span style=\"font-family: arial, helvetica, sans-serif; font-size: 14px;\"><\/span><\/p>\n\n\n\n<p>Am 14.05.1991 gr\u00fcndete sich der Feuerwehrverein Hirschberg im Rathaussaal von Hirschberg, dabei wurde auch ausf\u00fchrlich \u00fcber die weitere Zusammenarbeit der beiden Wehren diskutiert. In den Folgejahren wurde die Kameradschaft der beiden Wehren durch gegenseitige Besuche zu den j\u00e4hrlichen Jahreshauptversammlungen sowie den jeweiligen Wiesenfestumz\u00fcgen aufrechterhalten und gefestigt. <span style=\"font-family: arial, helvetica, sans-serif; font-size: 14px;\"><\/span><\/p>\n\n\n\n<p>Aber es gab und gibt auch Wermutstropfen in der Partnerschaft: Grenz\u00fcberschreitende Nachbarschaftshilfe konnte vereinzelt praktiziert werden, wird aber durch die krankhafte B\u00fcrokratie in unserem Land immer wieder massiv erschwert oder abgew\u00fcrgt.  <br \/>Dennoch bekr\u00e4ftigen und pflegen die beiden Wehren ihre Freundschaft weiter.<span style=\"font-family: arial, helvetica, sans-serif; font-size: 14px;\"><span style=\"font-family: arial, helvetica, sans-serif; font-size: 14px;\"><\/span><\/span><\/p>\n\n\n\n<h4 class=\"wp-block-heading\" style=\"text-align:center\">Alle Bilder von unserem Jubil\u00e4umstreffen und der Winterwanderung in unserem Album bei <span style=\"color: #800000; font-family: arial, helvetica, sans-serif; text-align: center;\"><\/span><\/h4>\n\n\n\n<figure class=\"wp-block-embed is-type-rich is-provider-google-photos\"><div class=\"wp-block-embed__wrapper\">\n<blockquote class=\"embedly-card\" data-card-controls=\"0\" data-card-align=\"center\" data-card-theme=\"light\"><h4><a href=\"https:\/\/goo.gl\/photos\/Xsyspkad3gk6ryg8A\">No Title<\/a><\/h4><p>No Description<\/p><\/blockquote><script async src=\"\/\/cdn.embedly.com\/widgets\/platform.js\" charset=\"UTF-8\"><\/script>\n<\/div><\/figure>\n","protected":false},"excerpt":{"rendered":"<div class=\"mh-excerpt\">Am 09.01.2010 trafen sich die Mitglieder der beiden Wehren, um gemeinsam die bereits seit 20 Jahren bestehende Freundschaft zu feiern.<br \/>\nNach einer 2-st\u00fcndigen Winterwanderung von Berg \u00fcber Gottsmanngr\u00fcn und Untertiefengr\u00fcn, traf man sich im Ger\u00e4tehaus Hirschberg zum gemeinsamen Abendessen und gem\u00fctlichen Beisammensein.\n<\/div>\n<p> <a class=\"mh-excerpt-more\" href=\"https:\/\/www.ffw-berg.de\/wordpress\/20-jahre-feuerwehrfreundschaft-ff-berg-ff-hirschbergsaale\/\" title=\"20 Jahre Feuerwehrfreundschaft FF Berg &#8211; FF Hirschberg\/Saale\">[  Mehr &gt;&gt; ]<\/a><\/p>\n","protected":false},"author":2,"featured_media":473,"comment_status":"closed","ping_status":"open","sticky":false,"template":"","format":"standard","meta":{"footnotes":""},"categories":[294],"tags":[],"class_list":{"0":"post-470","1":"post","2":"type-post","3":"status-publish","4":"format-standard","5":"has-post-thumbnail","7":"category-sonstige-veranstaltungen"},"_links":{"self":[{"href":"https:\/\/www.ffw-berg.de\/wordpress\/wp-json\/wp\/v2\/posts\/470","targetHints":{"allow":["GET"]}}],"collection":[{"href":"https:\/\/www.ffw-berg.de\/wordpress\/wp-json\/wp\/v2\/posts"}],"about":[{"href":"https:\/\/www.ffw-berg.de\/wordpress\/wp-json\/wp\/v2\/types\/post"}],"author":[{"embeddable":true,"href":"https:\/\/www.ffw-berg.de\/wordpress\/wp-json\/wp\/v2\/users\/2"}],"replies":[{"embeddable":true,"href":"https:\/\/www.ffw-berg.de\/wordpress\/wp-json\/wp\/v2\/comments?post=470"}],"version-history":[{"count":0,"href":"https:\/\/www.ffw-berg.de\/wordpress\/wp-json\/wp\/v2\/posts\/470\/revisions"}],"wp:featuredmedia":[{"embeddable":true,"href":"https:\/\/www.ffw-berg.de\/wordpress\/wp-json\/wp\/v2\/media\/473"}],"wp:attachment":[{"href":"https:\/\/www.ffw-berg.de\/wordpress\/wp-json\/wp\/v2\/media?parent=470"}],"wp:term":[{"taxonomy":"category","embeddable":true,"href":"https:\/\/www.ffw-berg.de\/wordpress\/wp-json\/wp\/v2\/categories?post=470"},{"taxonomy":"post_tag","embeddable":true,"href":"https:\/\/www.ffw-berg.de\/wordpress\/wp-json\/wp\/v2\/tags?post=470"}],"curies":[{"name":"wp","href":"https:\/\/api.w.org\/{rel}","templated":true}]}}