{"id":523,"date":"2010-05-23T18:00:57","date_gmt":"2010-05-23T16:00:57","guid":{"rendered":"http:\/\/www.ffw-berg.de\/wordpress\/?page_id=523"},"modified":"2018-12-20T23:01:24","modified_gmt":"2018-12-20T22:01:24","slug":"tagesausflug-2010","status":"publish","type":"post","link":"https:\/\/www.ffw-berg.de\/wordpress\/tagesausflug-2010\/","title":{"rendered":"Tagesausflug 2010 &#8211; Fr\u00e4nkisches Seenland"},"content":{"rendered":"\n<h2 class=\"mceTemp wp-block-heading\">Fr\u00e4nkisches Seenland<br \/><\/h2>\n\n\n\n<div class=\"wp-block-image size-full wp-image-527\"><figure class=\"aligncenter\"><a href=\"https:\/\/www.ffw-berg.de\/wordpress\/wp-content\/uploads\/2012\/09\/ff_ausflug_2010-74-e1348324465169.jpg\"><img loading=\"lazy\" decoding=\"async\" width=\"530\" height=\"397\" src=\"https:\/\/www.ffw-berg.de\/wordpress\/wp-content\/uploads\/2012\/09\/ff_ausflug_2010-74-530x397.jpg\" alt=\"\" class=\"wp-image-527\"\/><\/a><figcaption>Auf dem Gro\u00dfen Brombachsee<\/figcaption><\/figure><\/div>\n\n\n\n<p>Unser Tagesausflug f\u00fchrte uns im Jahr 2010 ins Fr\u00e4nkische Seenland rund&nbsp;um den Gro\u00dfen Brombachsse.<br \/><\/p>\n\n\n\n<p>Nach einer St\u00e4rkung bei unserer, durch unseren Vorstand Dieter Narr, organisierten Brotzeit oberhalb von Sche\u00dflitz bei Bamberg, fuhren wir zum Spargelhof Zenk in Hausen bei Hirschaid.<br \/><\/p>\n\n\n\n<p>Dort erfuhren wir bei einer Besichtigung der Spargelfelder alles Wisseswerte rund um den Anbau und die Pflege der empfindlichen Pflanzen. Danach besuchten wir noch den Spargelhof selbst, wo neben weiteren Erl\u00e4uterungen auch die M\u00f6glichkeit zum Einkauf bestand.<br \/><\/p>\n\n\n\n<div class=\"wp-block-image\"><figure class=\"aligncenter\"><img loading=\"lazy\" decoding=\"async\" width=\"530\" height=\"397\" src=\"https:\/\/www.ffw-berg.de\/wordpress\/wp-content\/uploads\/2012\/09\/ff_ausflug_2010-17-530x397.jpg\" alt=\"\" class=\"wp-image-528\"\/><figcaption>Beim Spargelstechen<\/figcaption><\/figure><\/div>\n\n\n\n<p>Zum Mittagessen gings mit dem Bus zum in der N\u00e4he liegenden, beliebten Ausflugziel der Kirche am Kreuzberg. In lauschigen Bierg\u00e4rten wurde deftig geschlemmt.<br \/><\/p>\n\n\n\n<div class=\"wp-block-image\"><figure class=\"aligncenter\"><a href=\"https:\/\/www.ffw-berg.de\/wordpress\/wp-content\/uploads\/2012\/09\/ff_ausflug_2010-41-e1348324917251.jpg\"><img loading=\"lazy\" decoding=\"async\" width=\"530\" height=\"397\" src=\"https:\/\/www.ffw-berg.de\/wordpress\/wp-content\/uploads\/2012\/09\/ff_ausflug_2010-41-530x397.jpg\" alt=\"\" class=\"wp-image-529\"\/><\/a><figcaption>Kirche am Kreuzberg<\/figcaption><\/figure><\/div>\n\n\n\n<p>Unsere Fahrt f\u00fchrte weiter zum Gro\u00dfen Brombachsee, wo wir zur gro\u00dfen Seerundfahrt an Bord gingen und das sonnige Wetter genossen. Die Abendeinkehr auf der Heimfahrt machten wir im Gasthof&nbsp;&#8222;Zur Traube&#8220; im Veldensteiner Forst.<br \/><\/p>\n\n\n\n<div class=\"wp-block-image size-full wp-image-530\"><figure class=\"aligncenter\"><a href=\"https:\/\/www.ffw-berg.de\/wordpress\/wp-content\/uploads\/2012\/09\/ff_ausflug_2010-79-e1348324895528.jpg\"><img loading=\"lazy\" decoding=\"async\" width=\"530\" height=\"397\" src=\"https:\/\/www.ffw-berg.de\/wordpress\/wp-content\/uploads\/2012\/09\/ff_ausflug_2010-79-530x397.jpg\" alt=\"\" class=\"wp-image-530\"\/><\/a><figcaption>Entspannen auf dem Gr. Brombachsee<\/figcaption><\/figure><\/div>\n\n\n\n<h4 class=\"wp-block-heading\" style=\"text-align:center\">Alle Bilder vom Ausflug finden Sie in unserem Album bei<br \/><\/h4>\n\n\n\n<figure class=\"wp-block-embed is-type-rich is-provider-google-photos\"><div class=\"wp-block-embed__wrapper\">\n<blockquote class=\"embedly-card\" data-card-controls=\"0\" data-card-align=\"center\" data-card-theme=\"light\"><h4><a href=\"https:\/\/goo.gl\/photos\/7nNpJP58aBdVVcrw6\">No Title<\/a><\/h4><p>No Description<\/p><\/blockquote><script async src=\"\/\/cdn.embedly.com\/widgets\/platform.js\" charset=\"UTF-8\"><\/script>\n<\/div><\/figure>\n","protected":false},"excerpt":{"rendered":"<div class=\"mh-excerpt\">Fr\u00e4nkisches Seenland Unser Tagesausflug f\u00fchrte uns im Jahr 2010 ins Fr\u00e4nkische Seenland rund&nbsp;um den Gro\u00dfen Brombachsse. Nach einer St\u00e4rkung bei unserer, durch unseren Vorstand Dieter Narr, organisierten Brotzeit oberhalb von <a class=\"mh-excerpt-more\" href=\"https:\/\/www.ffw-berg.de\/wordpress\/tagesausflug-2010\/\" title=\"Tagesausflug 2010 &#8211; Fr\u00e4nkisches Seenland\">[  Mehr &gt;&gt; ]<\/a><\/div>\n","protected":false},"author":2,"featured_media":527,"comment_status":"closed","ping_status":"open","sticky":false,"template":"","format":"standard","meta":{"footnotes":""},"categories":[19],"tags":[],"class_list":{"0":"post-523","1":"post","2":"type-post","3":"status-publish","4":"format-standard","5":"has-post-thumbnail","7":"category-ausflug"},"_links":{"self":[{"href":"https:\/\/www.ffw-berg.de\/wordpress\/wp-json\/wp\/v2\/posts\/523","targetHints":{"allow":["GET"]}}],"collection":[{"href":"https:\/\/www.ffw-berg.de\/wordpress\/wp-json\/wp\/v2\/posts"}],"about":[{"href":"https:\/\/www.ffw-berg.de\/wordpress\/wp-json\/wp\/v2\/types\/post"}],"author":[{"embeddable":true,"href":"https:\/\/www.ffw-berg.de\/wordpress\/wp-json\/wp\/v2\/users\/2"}],"replies":[{"embeddable":true,"href":"https:\/\/www.ffw-berg.de\/wordpress\/wp-json\/wp\/v2\/comments?post=523"}],"version-history":[{"count":0,"href":"https:\/\/www.ffw-berg.de\/wordpress\/wp-json\/wp\/v2\/posts\/523\/revisions"}],"wp:featuredmedia":[{"embeddable":true,"href":"https:\/\/www.ffw-berg.de\/wordpress\/wp-json\/wp\/v2\/media\/527"}],"wp:attachment":[{"href":"https:\/\/www.ffw-berg.de\/wordpress\/wp-json\/wp\/v2\/media?parent=523"}],"wp:term":[{"taxonomy":"category","embeddable":true,"href":"https:\/\/www.ffw-berg.de\/wordpress\/wp-json\/wp\/v2\/categories?post=523"},{"taxonomy":"post_tag","embeddable":true,"href":"https:\/\/www.ffw-berg.de\/wordpress\/wp-json\/wp\/v2\/tags?post=523"}],"curies":[{"name":"wp","href":"https:\/\/api.w.org\/{rel}","templated":true}]}}