{"id":553,"date":"2010-11-27T23:00:06","date_gmt":"2010-11-27T22:00:06","guid":{"rendered":"http:\/\/www.ffw-berg.de\/wordpress\/?page_id=553"},"modified":"2018-12-20T22:49:17","modified_gmt":"2018-12-20T21:49:17","slug":"weihnachtsausflug-nach-rothenburg-o-d-t","status":"publish","type":"post","link":"https:\/\/www.ffw-berg.de\/wordpress\/weihnachtsausflug-nach-rothenburg-o-d-t\/","title":{"rendered":"Weihnachtsausflug 2010 nach Rothenburg o.d.T."},"content":{"rendered":"\n<h2 class=\"wp-block-heading\">Besuch des Reiterlesmarktes<\/h2>\n\n\n\n<div class=\"wp-block-image size-full wp-image-560\"><figure class=\"alignright\"><img loading=\"lazy\" decoding=\"async\" width=\"400\" height=\"300\" src=\"http:\/\/www.ffw-berg.de\/wordpress\/wp-content\/uploads\/2012\/09\/Rothenburg1-e1348395777828.jpg\" alt=\"\" class=\"wp-image-560\" srcset=\"https:\/\/www.ffw-berg.de\/wordpress\/wp-content\/uploads\/2012\/09\/Rothenburg1-e1348395777828.jpg 400w, https:\/\/www.ffw-berg.de\/wordpress\/wp-content\/uploads\/2012\/09\/Rothenburg1-e1348395777828-120x90.jpg 120w, https:\/\/www.ffw-berg.de\/wordpress\/wp-content\/uploads\/2012\/09\/Rothenburg1-e1348395777828-300x225.jpg 300w, https:\/\/www.ffw-berg.de\/wordpress\/wp-content\/uploads\/2012\/09\/Rothenburg1-e1348395777828-326x245.jpg 326w, https:\/\/www.ffw-berg.de\/wordpress\/wp-content\/uploads\/2012\/09\/Rothenburg1-e1348395777828-80x60.jpg 80w\" sizes=\"auto, (max-width: 400px) 100vw, 400px\" \/><figcaption>Weihnachtsstimmung in Rothenburg o.d.T.<\/figcaption><\/figure><\/div>\n\n\n\n<p>Nach unserem Tagesausflug ins Fr\u00e4nkische Seenland im Mai, wartete unser Vorstand zum Jahresende noch mit einer \u00dcberraschung auf und organisierte eine Tagesfahrt zum Reiterlesmarkt in Rothenburg ob der Tauber.<br \/><span style=\"font-family: arial, helvetica, sans-serif; font-size: 14px;\">A<\/span>m fr\u00fchen Morgen ging es mit dem Busder Fa. R\u00f6del (Berg)&nbsp;los in Richtung Rothenburg, der pitoresken, mitteralterlichen Stadt an der Tauber, einem Touristenmagnet gerade f\u00fcr viele ausl\u00e4ndische Besucher. Der dortige Weihnachtsmarkt (Reiterlesmarkt) war das Ziel unserer Fahrt, an der auch wieder zahlreich unsere Freunde der FF Hirschberg\/Saale teilnahmen.<\/p>\n\n\n\n<p>Auf einem Rastplatz N\u00e4he Plech hielten wir f\u00fcr unsere Busbrotzeit an, zu der es wie immer, deftige K\u00f6stlichkeiten und erw\u00e4rmenden Kaffee gab, bevor wir unsere Fahrt fortsetzten. &nbsp;Gegen 13 Uhr errreichten wir Rothenburg und schlenderten \u00fcber&nbsp;Wehrg\u00e4nge der Stadtmauer, vorbei an alten Kanonen, durch eines der Stadttore in die malerische, leicht mit schnee &#8222;gezuckerte&#8220;&nbsp;Innenstadt hinein. Klar, Touristen waren auch schon da, aber die Menge hielt sich angenehm in Grenzen.<br \/><\/p>\n\n\n\n<div class=\"wp-block-image size-full wp-image-561\"><figure class=\"aligncenter\"><a href=\"https:\/\/www.ffw-berg.de\/wordpress\/wp-content\/uploads\/2012\/09\/Rothenburg2-e1348396105189.jpg\"><img loading=\"lazy\" decoding=\"async\" width=\"530\" height=\"397\" src=\"https:\/\/www.ffw-berg.de\/wordpress\/wp-content\/uploads\/2012\/09\/Rothenburg2-530x397.jpg\" alt=\"\" class=\"wp-image-561\"\/><\/a><figcaption><span style=\"font-family: arial, helvetica, sans-serif;\">Malerische Gassen<\/span><\/figcaption><\/figure><\/div>\n\n\n\n<p>Ab jetzt teilten sich die Mitfahrer auf und erkundeten auf eigene Faust die Winkel und Gassen Rothenburgs. W\u00e4hrend die einen das bekannte Mittelaterliche Krimnalmuseum besichtigten, schlenderten die anderen an den weihnachtlich geschm\u00fcckten Gesch\u00e4ften entlang zum Rathausplatz, um den herum sich der Markt befand.<br \/><\/p>\n\n\n\n<div class=\"wp-block-image size-full wp-image-559\"><figure class=\"aligncenter\"><a href=\"https:\/\/www.ffw-berg.de\/wordpress\/wp-content\/uploads\/2012\/09\/Rothenburg4-e1348396179124.jpg\"><img loading=\"lazy\" decoding=\"async\" width=\"530\" height=\"397\" src=\"https:\/\/www.ffw-berg.de\/wordpress\/wp-content\/uploads\/2012\/09\/Rothenburg4-530x397.jpg\" alt=\"\" class=\"wp-image-559\"\/><\/a><figcaption><span style=\"font-family: arial, helvetica, sans-serif;\">Gl\u00fchwein und Leckereien<\/span><\/figcaption><\/figure><\/div>\n\n\n\n<p>Selbstverst\u00e4ndlich durfte nach einem w\u00e4rmenden Gl\u00fchwein und einer Bratwurst, auch ein Besuch im Weihnachtsdorf der weltber\u00fchmten &#8222;K\u00e4the Wohlfahrt&#8220; nicht fehlen. Ganzj\u00e4hriger Verkauf von Weihnachtszubeh\u00f6r in allen erdenklichen Variationen und riesiger Auswahl. Da hie\u00df es Geldbeutel festhalten &#8230;<br \/><\/p>\n\n\n\n<div class=\"wp-block-image size-full wp-image-562\"><figure class=\"aligncenter\"><a href=\"https:\/\/www.ffw-berg.de\/wordpress\/wp-content\/uploads\/2012\/09\/Rothenburg3-e1348396052319.jpg\"><img loading=\"lazy\" decoding=\"async\" width=\"530\" height=\"397\" src=\"https:\/\/www.ffw-berg.de\/wordpress\/wp-content\/uploads\/2012\/09\/Rothenburg3-530x397.jpg\" alt=\"\" class=\"wp-image-562\"\/><\/a><figcaption><span style=\"font-family: arial, helvetica, sans-serif;\">Hier ist 365 Tage Weihnachten<\/span><\/figcaption><\/figure><\/div>\n\n\n\n<p>In den engeren Gassen hinter dem Rathaus war der Alt-Rothenburger Weihnachtsmarkt mit kleinen&nbsp;Buden und nat\u00fcrlich jeder Menge Gl\u00fchwein und Leckereinen &#8211; deftig oder s\u00fc\u00df! Manch einer suchte stattdessen auch ein warmes Gasthaus auf, bevor wir uns wieder auf die Heimfahrt machten. Ein letzter Stopp zum Abendessen in Oberdachstetten bei der Pension Hofmann, dann gings zur\u00fcck nach Berg.<br \/><\/p>\n\n\n\n<p style=\"text-align:center\">Wieder einmal eine gelungene Fahrt mit sehr guter Stimmung.<br \/><\/p>\n\n\n\n<hr class=\"wp-block-separator is-style-wide\"\/>\n\n\n\n<h4 class=\"wp-block-heading\" style=\"text-align:center\">Alle Bilder vom Weihnsachtsmarkt hier in unserem Album bei<br \/><\/h4>\n\n\n\n<figure class=\"wp-block-embed is-type-rich is-provider-google-photos\"><div class=\"wp-block-embed__wrapper\">\n<blockquote class=\"embedly-card\" data-card-controls=\"0\" data-card-align=\"center\" data-card-theme=\"light\"><h4><a href=\"https:\/\/goo.gl\/photos\/5SXtPRaP9Qw2wLrX8\">No Title<\/a><\/h4><p>No Description<\/p><\/blockquote><script async src=\"\/\/cdn.embedly.com\/widgets\/platform.js\" charset=\"UTF-8\"><\/script>\n<\/div><\/figure>\n","protected":false},"excerpt":{"rendered":"<div class=\"mh-excerpt\">Besuch des Reiterlesmarktes Nach unserem Tagesausflug ins Fr\u00e4nkische Seenland im Mai, wartete unser Vorstand zum Jahresende noch mit einer \u00dcberraschung auf und organisierte eine Tagesfahrt zum Reiterlesmarkt in Rothenburg ob <a class=\"mh-excerpt-more\" href=\"https:\/\/www.ffw-berg.de\/wordpress\/weihnachtsausflug-nach-rothenburg-o-d-t\/\" title=\"Weihnachtsausflug 2010 nach Rothenburg o.d.T.\">[  Mehr &gt;&gt; ]<\/a><\/div>\n","protected":false},"author":2,"featured_media":560,"comment_status":"closed","ping_status":"open","sticky":false,"template":"","format":"standard","meta":{"footnotes":""},"categories":[19],"tags":[],"class_list":{"0":"post-553","1":"post","2":"type-post","3":"status-publish","4":"format-standard","5":"has-post-thumbnail","7":"category-ausflug"},"_links":{"self":[{"href":"https:\/\/www.ffw-berg.de\/wordpress\/wp-json\/wp\/v2\/posts\/553","targetHints":{"allow":["GET"]}}],"collection":[{"href":"https:\/\/www.ffw-berg.de\/wordpress\/wp-json\/wp\/v2\/posts"}],"about":[{"href":"https:\/\/www.ffw-berg.de\/wordpress\/wp-json\/wp\/v2\/types\/post"}],"author":[{"embeddable":true,"href":"https:\/\/www.ffw-berg.de\/wordpress\/wp-json\/wp\/v2\/users\/2"}],"replies":[{"embeddable":true,"href":"https:\/\/www.ffw-berg.de\/wordpress\/wp-json\/wp\/v2\/comments?post=553"}],"version-history":[{"count":0,"href":"https:\/\/www.ffw-berg.de\/wordpress\/wp-json\/wp\/v2\/posts\/553\/revisions"}],"wp:featuredmedia":[{"embeddable":true,"href":"https:\/\/www.ffw-berg.de\/wordpress\/wp-json\/wp\/v2\/media\/560"}],"wp:attachment":[{"href":"https:\/\/www.ffw-berg.de\/wordpress\/wp-json\/wp\/v2\/media?parent=553"}],"wp:term":[{"taxonomy":"category","embeddable":true,"href":"https:\/\/www.ffw-berg.de\/wordpress\/wp-json\/wp\/v2\/categories?post=553"},{"taxonomy":"post_tag","embeddable":true,"href":"https:\/\/www.ffw-berg.de\/wordpress\/wp-json\/wp\/v2\/tags?post=553"}],"curies":[{"name":"wp","href":"https:\/\/api.w.org\/{rel}","templated":true}]}}