{"id":670,"date":"2012-12-08T18:53:38","date_gmt":"2012-12-08T17:53:38","guid":{"rendered":"http:\/\/www.ffw-berg.de\/wordpress\/?page_id=670"},"modified":"2018-12-20T22:25:21","modified_gmt":"2018-12-20T21:25:21","slug":"weihnachtsausflug-nach-coburg-und-lauscha","status":"publish","type":"post","link":"https:\/\/www.ffw-berg.de\/wordpress\/weihnachtsausflug-nach-coburg-und-lauscha\/","title":{"rendered":"Weihnachtsausflug 2012 nach Coburg und Lauscha"},"content":{"rendered":"\n<h2 class=\"wp-block-heading\">Herrliches Weihnachtsflair in Coburg und Lauscha<br \/><\/h2>\n\n\n\n<p>Die FF Berg veranstaltete auch in diesem Jahr den beliebten Weihnachtsausflug.<br \/><\/p>\n\n\n\n<div class=\"wp-block-image size-medium wp-image-1621\"><figure class=\"aligncenter\"><img loading=\"lazy\" decoding=\"async\" width=\"530\" height=\"397\" src=\"https:\/\/www.ffw-berg.de\/wordpress\/wp-content\/uploads\/2012\/12\/FF_Weihnachtsausflug_2012_70-530x397.jpg\" alt=\"FF_Weihnachtsausflug_2012\" class=\"wp-image-1621\" srcset=\"https:\/\/www.ffw-berg.de\/wordpress\/wp-content\/uploads\/2012\/12\/FF_Weihnachtsausflug_2012_70-530x397.jpg 530w, https:\/\/www.ffw-berg.de\/wordpress\/wp-content\/uploads\/2012\/12\/FF_Weihnachtsausflug_2012_70-120x90.jpg 120w, https:\/\/www.ffw-berg.de\/wordpress\/wp-content\/uploads\/2012\/12\/FF_Weihnachtsausflug_2012_70-326x245.jpg 326w, https:\/\/www.ffw-berg.de\/wordpress\/wp-content\/uploads\/2012\/12\/FF_Weihnachtsausflug_2012_70-80x60.jpg 80w, https:\/\/www.ffw-berg.de\/wordpress\/wp-content\/uploads\/2012\/12\/FF_Weihnachtsausflug_2012_70-300x225.jpg 300w, https:\/\/www.ffw-berg.de\/wordpress\/wp-content\/uploads\/2012\/12\/FF_Weihnachtsausflug_2012_70.jpg 640w\" sizes=\"auto, (max-width: 530px) 100vw, 530px\" \/><figcaption><span style=\"font-family: arial, helvetica, sans-serif; font-size: 12px;\">Weihnachtsflair am Kugelmarkt in Lauscha mit Schnee<\/span><\/figcaption><\/figure><\/div>\n\n\n\n<p>Wir besuchten den Weihnachtsmarkt in Coburg mit seinen sehr sch\u00f6n dekorierten Buden auf dem Coburger Marktplatz vor dem Rathaus und anschlie\u00dfend ging die Fahrt weiter zum Kugelmarkt im kleinen, aber bekannten \u00d6rtchen Lauscha im benachbarten Th\u00fcringen.<br \/><\/p>\n\n\n\n<p>Auf unserer Heimfahrt durch den verschneiten Frankenwald machten wir noch einmal Einkehr im Mauthaus und lie\u00dfen den Tag ausklingen, bevor wir wieder gegen 22 Uhr in Berg eintrafen.<br \/><\/p>\n\n\n\n<h4 class=\"wp-block-heading\" style=\"text-align:center\">Alle Bilder aus Coburg und Lauscha in unserem Album bei<br \/><\/h4>\n\n\n\n<figure class=\"wp-block-embed is-type-rich is-provider-google-photos\"><div class=\"wp-block-embed__wrapper\">\n<blockquote class=\"embedly-card\" data-card-controls=\"0\" data-card-align=\"center\" data-card-theme=\"light\"><h4><a href=\"https:\/\/goo.gl\/photos\/x94dDPXTUWTgjxoF6\">No Title<\/a><\/h4><p>No Description<\/p><\/blockquote><script async src=\"\/\/cdn.embedly.com\/widgets\/platform.js\" charset=\"UTF-8\"><\/script>\n<\/div><\/figure>\n","protected":false},"excerpt":{"rendered":"<div class=\"mh-excerpt\">Herrliches Weihnachtsflair in Coburg und Lauscha Die FF Berg veranstaltete auch in diesem Jahr den beliebten Weihnachtsausflug. Wir besuchten den Weihnachtsmarkt in Coburg mit seinen sehr sch\u00f6n dekorierten Buden auf <a class=\"mh-excerpt-more\" href=\"https:\/\/www.ffw-berg.de\/wordpress\/weihnachtsausflug-nach-coburg-und-lauscha\/\" title=\"Weihnachtsausflug 2012 nach Coburg und Lauscha\">[  Mehr &gt;&gt; ]<\/a><\/div>\n","protected":false},"author":2,"featured_media":1621,"comment_status":"closed","ping_status":"open","sticky":false,"template":"","format":"standard","meta":{"footnotes":""},"categories":[19],"tags":[],"class_list":{"0":"post-670","1":"post","2":"type-post","3":"status-publish","4":"format-standard","5":"has-post-thumbnail","7":"category-ausflug"},"_links":{"self":[{"href":"https:\/\/www.ffw-berg.de\/wordpress\/wp-json\/wp\/v2\/posts\/670","targetHints":{"allow":["GET"]}}],"collection":[{"href":"https:\/\/www.ffw-berg.de\/wordpress\/wp-json\/wp\/v2\/posts"}],"about":[{"href":"https:\/\/www.ffw-berg.de\/wordpress\/wp-json\/wp\/v2\/types\/post"}],"author":[{"embeddable":true,"href":"https:\/\/www.ffw-berg.de\/wordpress\/wp-json\/wp\/v2\/users\/2"}],"replies":[{"embeddable":true,"href":"https:\/\/www.ffw-berg.de\/wordpress\/wp-json\/wp\/v2\/comments?post=670"}],"version-history":[{"count":0,"href":"https:\/\/www.ffw-berg.de\/wordpress\/wp-json\/wp\/v2\/posts\/670\/revisions"}],"wp:featuredmedia":[{"embeddable":true,"href":"https:\/\/www.ffw-berg.de\/wordpress\/wp-json\/wp\/v2\/media\/1621"}],"wp:attachment":[{"href":"https:\/\/www.ffw-berg.de\/wordpress\/wp-json\/wp\/v2\/media?parent=670"}],"wp:term":[{"taxonomy":"category","embeddable":true,"href":"https:\/\/www.ffw-berg.de\/wordpress\/wp-json\/wp\/v2\/categories?post=670"},{"taxonomy":"post_tag","embeddable":true,"href":"https:\/\/www.ffw-berg.de\/wordpress\/wp-json\/wp\/v2\/tags?post=670"}],"curies":[{"name":"wp","href":"https:\/\/api.w.org\/{rel}","templated":true}]}}